{"id":614123,"date":"2025-12-21T16:43:13","date_gmt":"2025-12-21T16:43:13","guid":{"rendered":"https:\/\/www.europesays.com\/fr\/614123\/"},"modified":"2025-12-21T16:43:13","modified_gmt":"2025-12-21T16:43:13","slug":"marseille-regale-nice-gagne-enfin-monaco-de-justesse-les-favoris-au-rendez-vous","status":"publish","type":"post","link":"https:\/\/www.europesays.com\/fr\/614123\/","title":{"rendered":"Marseille r\u00e9gale, Nice gagne enfin, Monaco de justesse&#8230; Les favoris au rendez-vous"},"content":{"rendered":"<p>\n    Marseille, Nantes, Monaco, Strasbourg et Nice se sont tous les cinq qualifi\u00e9s pour les 16es de finale de la Coupe de France ce dimanche.<\/p>\n<p class=\"fig-paragraph\">Les clubs de Ligue 1 ont fait une entr\u00e9e globalement r\u00e9ussie en Coupe de France. Ce dimanche,\u00a0<a href=\"https:\/\/www.lefigaro.fr\/sports\/football\/coupe-de-france\/en-direct-coupe-de-france-un-choc-auxerre-monaco-l-om-face-au-piege-de-bourg-peronnas-suivez-les-32es-de-finale-20251221\" target=\"_blank\" data-fig-type=\"Live\" rel=\"noopener\" data-gtm-custom-categorie=\"navigation\" data-gtm-custom-action=\"crossclick\" data-gtm-custom-label=\"Contextuel\" data-gtm-event=\"customEventSPE\" data-fig-domain=\"LEFIGARO\">cinq matchs se d\u00e9roulaient en d\u00e9but d\u2019apr\u00e8s-midi<\/a>, et tous les clubs de l\u2019\u00e9lite oppos\u00e9s \u00e0 une \u00e9quipe d\u2019une division inf\u00e9rieure sont pass\u00e9s.<\/p>\n<p>                                            Marseille, carton plein<\/p>\n<p class=\"fig-paragraph\">Le Football Bourg-en-Bresse P\u00e9ronnas pouvait y croire avec un seul but de retard \u00e0 la mi-temps. Puis l\u2019Olympique de Marseille a hauss\u00e9 le ton, rappelant l\u2019\u00e9cart qui existe entre le plus petit budget de National (3e division) et un club qui tient son rang en Ligue des champions. Leonardo Balerdi avait mis les siens \u00e0 l\u2019abri sur corner d\u00e8s l\u2019entame (8e). Mason Greenwood a sign\u00e9 le but du break (59e) avant une superbe frappe en lucarne de Pierre-Emile H\u00f6jbjerg (64e).<\/p>\n<p>                                            <a class=\"fig-a11y-skip\" href=\"#fig-a11y-skip-main-inarticle\" data-module=\"a11y-skip\" data-context=\"was @visible\"><br \/>\n    Passer la publicit\u00e9<br \/>\n<\/a>            <\/p>\n<p class=\"fig-paragraph\">Touch\u00e9&#8230; et coul\u00e9, Bourg-P\u00e9ronnas a vu Igor Paix\u00e3o sanctionner l\u2019erreur du d\u00e9fenseur Mohamed Sylla dans la foul\u00e9e (66e). Les jeunes Bilal Nadir (77e) et Tadjidine Mmadi (87e) ont particip\u00e9 \u00e0 la f\u00eate en fin de rencontre. Score sans appel\u00a0: 6-0, et une ann\u00e9e boucl\u00e9e de la meilleure des mani\u00e8res par l\u2019OM dans l\u2019Ain.<\/p>\n<p>                                            Nice met un terme \u00e0 la spirale infernale<\/p>\n<p class=\"fig-paragraph\">Apr\u00e8s neuf d\u00e9faites d\u2019affil\u00e9e toutes comp\u00e9titions confondues, l\u2019OGC Nice a enfin renou\u00e9 avec la victoire dimanche, \u00e0 l\u2019Allianz Riviera certes mais pas devant son public, huis clos oblige. Les Aiglons sont venus \u00e0 bout de Saint-\u00c9tienne (2-1), qui joue la mont\u00e9e en L2 cette saison. Les Verts, surpris par l\u2019ouverture du score du jeune Zoumana Diallo (11e), avaient recoll\u00e9 sur un penalty de Zuriko Davitashvili en fin de premi\u00e8re p\u00e9riode (45e).<\/p>\n<p class=\"fig-paragraph\">Les St\u00e9phanois ont g\u00e2ch\u00e9 des occasions apr\u00e8s la pause, au contraire de Ni\u00e7ois r\u00e9alistes \u00e0 l\u2019image de Morgan Sanson, \u00e0 l\u2019aff\u00fbt apr\u00e8s un centre d\u00e9vi\u00e9 (72e). Enfin un peu d\u2019air frais pour Franck Haise et son groupe.<\/p>\n<p>                                            Monaco s\u2019en sort \u00e0 Auxerre<\/p>\n<p class=\"fig-paragraph\">C\u2019\u00e9tait l\u2019une des affiches entre deux clubs de L1 dans ces 32es de finale, et l\u00e0 aussi, la logique a \u00e9t\u00e9 respect\u00e9e entre une \u00e9quipe qui dispute la Ligue des champions et l\u2019autre qui lutte pour son maintien. Sans briller, l\u2019AS Monaco est venu \u00e0 bout de l\u2019AJ Auxerre en Bourgogne (1-2) gr\u00e2ce \u00e0 un doubl\u00e9 de Mika Biereth. Le buteur danois a vite lanc\u00e9 les siens d\u2019une t\u00eate pr\u00e9cise sur un centre de Maghnes Akliouche (8e).<\/p>\n<p class=\"fig-paragraph\">Le capitaine auxerrois Assane Diouss\u00e9 a remis les compteurs \u00e0 z\u00e9ro en transformant un penalty (29e) alors que Monaco perdait Takumi Minamino, touch\u00e9 au genou et \u00e9vacu\u00e9 sur civi\u00e8re (36e). Sans leur feu follet japonais, les Mon\u00e9gasques ont n\u00e9anmoins trouv\u00e9 des leviers, \u00e0 l\u2019image du festival de Mamadou Coulibaly, 21 ans, dans la d\u00e9fense de l\u2019AJA pour offrir un second but \u00e0 Biereth (74e). Le club de la Principaut\u00e9, toujours sans Paul Pogba, finit l\u2019ann\u00e9e sur une bonne note.<\/p>\n<p>                                            <a class=\"fig-a11y-skip\" href=\"#fig-a11y-skip-main-inarticle_mtf\" data-module=\"a11y-skip\" data-context=\"was @visible\"><br \/>\n    Passer la publicit\u00e9<br \/>\n<\/a>            <\/p>\n<p>                                            Strasbourg sur tous les tableaux<\/p>\n<p class=\"fig-paragraph\">7e de Ligue\u00a01, qualifi\u00e9 pour les 8es de finale de Ligue Conf\u00e9rence et d\u00e9sormais pour les 16es de finale de Coupe de France. Strasbourg se diversifie malgr\u00e9 une forme \u00e0 la baisse en championnat. Les Alsaciens ont r\u00e9sist\u00e9 \u00e0 l\u2019USL Dunkerque, club de L2, pour continuer l\u2019aventure (2-1). Deux passes d\u00e9cisives lumineuses de Valentin Barco ont permis \u00e0 Julio Enciso (26e) et Isma\u00ebl Doukour\u00e9 (40e) de mettre le Racing \u00e0 l\u2019abri.<\/p>\n<p class=\"fig-paragraph\">Dunkerque a montr\u00e9 de l\u2019abn\u00e9gation en seconde p\u00e9riode sans vraiment r\u00e9ussir \u00e0 faire basculer la rencontre, en d\u00e9pit du penalty de l\u2019avant-centre Thomas Robinet (54e). Liam Rosenior et ses hommes peuvent esp\u00e9rer un joli parcours en coupe afin d\u2019apaiser la relation entre l\u2019\u00e9tat-major du Racing et les supporters.<\/p>\n<p>                                            Nantes en folie \u00e0 Concarneau<\/p>\n<p class=\"fig-paragraph\">Nul doute que les quelque 2.000 supporters finist\u00e9riens du stade Guy-Piriou auraient pr\u00e9f\u00e9r\u00e9 une qualification ennuyeuse, mais ils auront au moins eu du grand spectacle. Concarneau, club de milieu de tableau en National, a pris la porte avec panache face au FC Nantes (3-5). Le jeune Bahmed Deuff, 19 ans, a lanc\u00e9 les Canaris (15e) avant un but contre son camp de Nicolas Cozza (18e).<\/p>\n<p class=\"fig-paragraph\">Pas le feu \u00e0 Nantes\u00a0: Youssef El-Arabi (23e) puis Nicolas Centonze (38e) ont donn\u00e9 deux buts d\u2019avance aux joueurs de Loire-Atlantique. Il fallait au moins \u00e7a, car Amadou Samoura a obtenu et transform\u00e9 un penalty avant la pause (45e, 2-3). Dans un match pour le moins anim\u00e9, Concarneau s\u2019est tir\u00e9 une balle dans le pied avec une erreur du gardien Pierre Patron, profitant \u00e0 Matthis Abline (51e) qui s\u2019est m\u00eame offert un doubl\u00e9 (58e). L\u2019ultime but de Youssouf Soukouna (74e) n\u2019a pas relanc\u00e9 le suspense.<\/p>\n","protected":false},"excerpt":{"rendered":"Marseille, Nantes, Monaco, Strasbourg et Nice se sont tous les cinq qualifi\u00e9s pour les 16es de finale de&hellip;\n","protected":false},"author":2,"featured_media":614124,"comment_status":"","ping_status":"","sticky":false,"template":"","format":"standard","meta":{"footnotes":""},"categories":[2814],"tags":[1111,11,1777,674,462,1011,27,884,12,1176,882,4448,25],"class_list":{"0":"post-614123","1":"post","2":"type-post","3":"status-publish","4":"format-standard","5":"has-post-thumbnail","7":"category-marseille","8":"tag-actu","9":"tag-actualites","10":"tag-eu","11":"tag-europe","12":"tag-fc-nantes","13":"tag-fr","14":"tag-france","15":"tag-marseille","16":"tag-news","17":"tag-olympique-de-marseille","18":"tag-provence-alpes-cote-dazur","19":"tag-rc-strasbourg","20":"tag-republique-francaise"},"share_on_mastodon":{"url":"https:\/\/pubeurope.com\/@fr\/115758563651007663","error":""},"_links":{"self":[{"href":"https:\/\/www.europesays.com\/fr\/wp-json\/wp\/v2\/posts\/614123","targetHints":{"allow":["GET"]}}],"collection":[{"href":"https:\/\/www.europesays.com\/fr\/wp-json\/wp\/v2\/posts"}],"about":[{"href":"https:\/\/www.europesays.com\/fr\/wp-json\/wp\/v2\/types\/post"}],"author":[{"embeddable":true,"href":"https:\/\/www.europesays.com\/fr\/wp-json\/wp\/v2\/users\/2"}],"replies":[{"embeddable":true,"href":"https:\/\/www.europesays.com\/fr\/wp-json\/wp\/v2\/comments?post=614123"}],"version-history":[{"count":0,"href":"https:\/\/www.europesays.com\/fr\/wp-json\/wp\/v2\/posts\/614123\/revisions"}],"wp:featuredmedia":[{"embeddable":true,"href":"https:\/\/www.europesays.com\/fr\/wp-json\/wp\/v2\/media\/614124"}],"wp:attachment":[{"href":"https:\/\/www.europesays.com\/fr\/wp-json\/wp\/v2\/media?parent=614123"}],"wp:term":[{"taxonomy":"category","embeddable":true,"href":"https:\/\/www.europesays.com\/fr\/wp-json\/wp\/v2\/categories?post=614123"},{"taxonomy":"post_tag","embeddable":true,"href":"https:\/\/www.europesays.com\/fr\/wp-json\/wp\/v2\/tags?post=614123"}],"curies":[{"name":"wp","href":"https:\/\/api.w.org\/{rel}","templated":true}]}}