{"id":614127,"date":"2025-12-21T16:45:19","date_gmt":"2025-12-21T16:45:19","guid":{"rendered":"https:\/\/www.europesays.com\/fr\/614127\/"},"modified":"2025-12-21T16:45:19","modified_gmt":"2025-12-21T16:45:19","slug":"la-base-aerienne-de-lyon-pilote-en-france-la-recherche-et-le-sauvetage-daeronefs","status":"publish","type":"post","link":"https:\/\/www.europesays.com\/fr\/614127\/","title":{"rendered":"la base a\u00e9rienne de Lyon pilote en France la recherche et le sauvetage d\u2019a\u00e9ronefs"},"content":{"rendered":"<p>\u00ab\u00a0En dix ans, ils ont sauv\u00e9 plus de 700 vies\u00a0\u00bb, se f\u00e9licite le g\u00e9n\u00e9ral de division a\u00e9rienne Julien Sab\u00e9n\u00e9. L\u2019Aeronautical rescue coordination center (ARCC), centre national unique de recherche et sauvetage d\u2019a\u00e9ronefs, civils et militaires, en d\u00e9tresse ou accident\u00e9s, a f\u00eat\u00e9 sa d\u00e9cennie d\u2019existence, mercredi 10\u00a0d\u00e9cembre, \u00e0 la base a\u00e9rienne 942 de Lyon Mont Verdun (Poleymieux-au-Mont-d\u2019Or).<\/p>\n<p>Trente-six personnels, dont douze r\u00e9servistes, y assurent une permanence 24\/7, en prenant des gardes r\u00e9guli\u00e8res de 24 \u00e0 48 heures. Les op\u00e9rateurs, \u00e2g\u00e9s en moyenne de 45 ans, sont d\u2019ex-pilotes d\u2019h\u00e9licopt\u00e8res ou d\u2019avions de chasse, d\u2019anciens contr\u00f4leurs a\u00e9riens et m\u00e9caniciens,\u00a0etc. Forts de ces exp\u00e9riences op\u00e9rationnelles,&#8230;<\/p>\n","protected":false},"excerpt":{"rendered":"\u00ab\u00a0En dix ans, ils ont sauv\u00e9 plus de 700 vies\u00a0\u00bb, se f\u00e9licite le g\u00e9n\u00e9ral de division a\u00e9rienne Julien&hellip;\n","protected":false},"author":2,"featured_media":614128,"comment_status":"","ping_status":"","sticky":false,"template":"","format":"standard","meta":{"footnotes":""},"categories":[1889],"tags":[1111,11,2430,3206,3153,1777,674,107,1011,27,2428,7218,12,72486,25,2429,4604,3151,2803],"class_list":{"0":"post-614127","1":"post","2":"type-post","3":"status-publish","4":"format-standard","5":"has-post-thumbnail","7":"category-lyon","8":"tag-actu","9":"tag-actualites","10":"tag-auvergne-rhone-alpes","11":"tag-defense-guerre-conflit","12":"tag-edition-ouest-lyonnais","13":"tag-eu","14":"tag-europe","15":"tag-fil-info","16":"tag-fr","17":"tag-france","18":"tag-lyon","19":"tag-neuville-sur-saone-bassin","20":"tag-news","21":"tag-poleymieux-au-mont-dor","22":"tag-republique-francaise","23":"tag-rhone","24":"tag-selection-abonne","25":"tag-selection-de-la-redaction-69","26":"tag-transport"},"share_on_mastodon":{"url":"https:\/\/pubeurope.com\/@fr\/115758571380674758","error":""},"_links":{"self":[{"href":"https:\/\/www.europesays.com\/fr\/wp-json\/wp\/v2\/posts\/614127","targetHints":{"allow":["GET"]}}],"collection":[{"href":"https:\/\/www.europesays.com\/fr\/wp-json\/wp\/v2\/posts"}],"about":[{"href":"https:\/\/www.europesays.com\/fr\/wp-json\/wp\/v2\/types\/post"}],"author":[{"embeddable":true,"href":"https:\/\/www.europesays.com\/fr\/wp-json\/wp\/v2\/users\/2"}],"replies":[{"embeddable":true,"href":"https:\/\/www.europesays.com\/fr\/wp-json\/wp\/v2\/comments?post=614127"}],"version-history":[{"count":0,"href":"https:\/\/www.europesays.com\/fr\/wp-json\/wp\/v2\/posts\/614127\/revisions"}],"wp:featuredmedia":[{"embeddable":true,"href":"https:\/\/www.europesays.com\/fr\/wp-json\/wp\/v2\/media\/614128"}],"wp:attachment":[{"href":"https:\/\/www.europesays.com\/fr\/wp-json\/wp\/v2\/media?parent=614127"}],"wp:term":[{"taxonomy":"category","embeddable":true,"href":"https:\/\/www.europesays.com\/fr\/wp-json\/wp\/v2\/categories?post=614127"},{"taxonomy":"post_tag","embeddable":true,"href":"https:\/\/www.europesays.com\/fr\/wp-json\/wp\/v2\/tags?post=614127"}],"curies":[{"name":"wp","href":"https:\/\/api.w.org\/{rel}","templated":true}]}}