{"id":614131,"date":"2025-12-21T16:48:13","date_gmt":"2025-12-21T16:48:13","guid":{"rendered":"https:\/\/www.europesays.com\/fr\/614131\/"},"modified":"2025-12-21T16:48:13","modified_gmt":"2025-12-21T16:48:13","slug":"une-femme-braquee-et-molestee-dans-son-appartement-ses-agresseurs-repartent-avec-des-pieces-de-luxe","status":"publish","type":"post","link":"https:\/\/www.europesays.com\/fr\/614131\/","title":{"rendered":"une femme braqu\u00e9e et molest\u00e9e dans son appartement, ses agresseurs repartent avec des pi\u00e8ces de luxe"},"content":{"rendered":"<p>                    Par<br \/>\n        <strong><br \/>\n            <a href=\"https:\/\/actu.fr\/auteur\/redaction-paris\" title=\"Consulter tous les articles de R\u00e9daction Paris\" target=\"_blank\" rel=\"noopener\">R\u00e9daction Paris<\/a><br \/>\n                    <\/strong><\/p>\n<p>        Publi\u00e9 le<\/p>\n<p>            21 d\u00e9c. 2025 \u00e0 16h20        <\/p>\n<p>Une femme a \u00e9t\u00e9 agress\u00e9e et braqu\u00e9e \u00e0 son domicile situ\u00e9 dans un immeuble du boulevard Haussmann, dans le 8e arrondissement de Paris, samedi 20\u00a0d\u00e9cembre 2025, selon une information r\u00e9v\u00e9l\u00e9e par <a href=\"https:\/\/actu.fr\/ile-de-france\/puteaux_92062\/puteaux-un-homme-et-une-femme-meurent-noyes-dans-leur-voiture-tombee-dans-la-seine_63607133.html\" target=\"_blank\" rel=\"noopener\">Le Parisien<\/a>. Sollicit\u00e9 par <a href=\"https:\/\/actu.fr\/paris\/\" target=\"_blank\" rel=\"noopener\">actu Paris<\/a>, le parquet de Paris indique qu\u2019une <strong>enqu\u00eate<\/strong> a \u00e9t\u00e9 ouverte pour extorsion avec arme et violences aggrav\u00e9es.<\/p>\n<p>Un butin estim\u00e9 \u00e0 100\u2009000\u00a0euros<\/p>\n<p class=\" wall-content\">D\u2019apr\u00e8s le quotidien, les faits se sont d\u00e9roul\u00e9s vers 14\u00a0heures. Deux hommes encagoul\u00e9s et porteurs d\u2019une arme auraient fait irruption dans l\u2019appartement apr\u00e8s avoir frapp\u00e9 \u00e0 la porte. Dans l\u2019appartement, ils auraient molest\u00e9 au visage la propri\u00e9taire des lieux avant de <strong>d\u00e9rober<\/strong> des <strong>montres<\/strong> et des <strong>bijoux<\/strong> de luxe renferm\u00e9s dans un coffre-fort. Le butin est estim\u00e9 \u00e0 100\u2009000\u00a0euros. Une somme que ne confirme pas le parquet.<\/p>\n<p class=\" wall-content\">Les investigations sont conduites par le 1er district de la police judiciaire de Paris (DPJ). De son c\u00f4t\u00e9, la victime aurait \u00e9t\u00e9 l\u00e9g\u00e8rement bless\u00e9e.<\/p>\n<p class=\" wall-content\">Personnalisez votre actualit\u00e9 en ajoutant vos villes et m\u00e9dias en favori avec <a href=\"https:\/\/moncompte.actu.fr\" title=\"D\u00e9couvez Mon Actu\" rel=\"nofollow noopener\" data-trk=\"{&quot;cta&quot;:{&quot;action&quot;:&quot;https:\\\/\\\/moncompte.actu.fr&quot;,&quot;category&quot;:&quot;mon compte&quot;,&quot;from&quot;:&quot;article footer&quot;,&quot;name&quot;:&quot;Mon actu&quot;,&quot;type&quot;:&quot;cta&quot;}}\" target=\"_blank\">Mon Actu<\/a>.<\/p>\n","protected":false},"excerpt":{"rendered":"Par R\u00e9daction Paris Publi\u00e9 le 21 d\u00e9c. 2025 \u00e0 16h20 Une femme a \u00e9t\u00e9 agress\u00e9e et braqu\u00e9e \u00e0&hellip;\n","protected":false},"author":2,"featured_media":614132,"comment_status":"","ping_status":"","sticky":false,"template":"","format":"standard","meta":{"footnotes":""},"categories":[1888],"tags":[1111,1928,11,1927,1777,674,118,1011,27,12,1926,626,1925,25,4595,2949],"class_list":{"0":"post-614131","1":"post","2":"type-post","3":"status-publish","4":"format-standard","5":"has-post-thumbnail","7":"category-paris","8":"tag-actu","9":"tag-actu-paris","10":"tag-actualites","11":"tag-actualites-paris","12":"tag-eu","13":"tag-europe","14":"tag-faits-divers","15":"tag-fr","16":"tag-france","17":"tag-news","18":"tag-news-paris","19":"tag-paris","20":"tag-paris-news","21":"tag-republique-francaise","22":"tag-tribunal-de-paris","23":"tag-violences"},"share_on_mastodon":{"url":"https:\/\/pubeurope.com\/@fr\/115758583558521355","error":""},"_links":{"self":[{"href":"https:\/\/www.europesays.com\/fr\/wp-json\/wp\/v2\/posts\/614131","targetHints":{"allow":["GET"]}}],"collection":[{"href":"https:\/\/www.europesays.com\/fr\/wp-json\/wp\/v2\/posts"}],"about":[{"href":"https:\/\/www.europesays.com\/fr\/wp-json\/wp\/v2\/types\/post"}],"author":[{"embeddable":true,"href":"https:\/\/www.europesays.com\/fr\/wp-json\/wp\/v2\/users\/2"}],"replies":[{"embeddable":true,"href":"https:\/\/www.europesays.com\/fr\/wp-json\/wp\/v2\/comments?post=614131"}],"version-history":[{"count":0,"href":"https:\/\/www.europesays.com\/fr\/wp-json\/wp\/v2\/posts\/614131\/revisions"}],"wp:featuredmedia":[{"embeddable":true,"href":"https:\/\/www.europesays.com\/fr\/wp-json\/wp\/v2\/media\/614132"}],"wp:attachment":[{"href":"https:\/\/www.europesays.com\/fr\/wp-json\/wp\/v2\/media?parent=614131"}],"wp:term":[{"taxonomy":"category","embeddable":true,"href":"https:\/\/www.europesays.com\/fr\/wp-json\/wp\/v2\/categories?post=614131"},{"taxonomy":"post_tag","embeddable":true,"href":"https:\/\/www.europesays.com\/fr\/wp-json\/wp\/v2\/tags?post=614131"}],"curies":[{"name":"wp","href":"https:\/\/api.w.org\/{rel}","templated":true}]}}