{"id":614133,"date":"2025-12-21T16:49:13","date_gmt":"2025-12-21T16:49:13","guid":{"rendered":"https:\/\/www.europesays.com\/fr\/614133\/"},"modified":"2025-12-21T16:49:13","modified_gmt":"2025-12-21T16:49:13","slug":"municipales-2026-a-paris-raphael-glucksmann-soutien-demmanuel-gregoire-denonce-le-trumpisme-de-ses-adversaires","status":"publish","type":"post","link":"https:\/\/www.europesays.com\/fr\/614133\/","title":{"rendered":"Municipales 2026 \u00e0 Paris : Rapha\u00ebl Glucksmann, soutien d\u2019Emmanuel Gr\u00e9goire, d\u00e9nonce \u00ab le trumpisme \u00bb de ses adversaires"},"content":{"rendered":"<p class=\"mb-4 text-lg md:leading-8 break-words\"><strong>capitale &#8211; Le parti de l\u2019eurod\u00e9put\u00e9 Rapha\u00ebl Glucksmann, participe \u00e0 la coalition de gauche men\u00e9e par le socialiste Emmanuel Gr\u00e9goire pour succ\u00e9der \u00e0 Anne Hidalgo \u00e0 la mairie de Paris<\/strong><\/p>\n<p class=\"mb-4 text-lg md:leading-8 break-words\">\u00ab\u00a0Un rapport \u00e0 la politique qui est fait de violence, de brutalit\u00e9\u00a0\u00bb. A l\u2019occasion d\u2019une d\u00e9ambulation dans le 5e\u00a0arrondissement de Paris, l\u2019eurod\u00e9put\u00e9 <a href=\"https:\/\/www.20minutes.fr\/politique\/raphael-glucksmann\/?at_medium=RSS%20feed&amp;at_campaign=ynews&amp;utm_source=yahoo&amp;utm_medium=rss&amp;utm_campaign=news_feed&amp;utm_content=in_article_link\" rel=\"nofollow noopener\" target=\"_blank\" data-ylk=\"slk:Rapha\u00ebl Glucksmann;elm:context_link;itc:0;sec:content-canvas\" class=\"link \">Rapha\u00ebl Glucksmann<\/a> a estim\u00e9 que l\u2019enjeu de la campagne des <a href=\"https:\/\/www.20minutes.fr\/municipales\/?at_medium=RSS%20feed&amp;at_campaign=ynews&amp;utm_source=yahoo&amp;utm_medium=rss&amp;utm_campaign=news_feed&amp;utm_content=in_article_link\" rel=\"nofollow noopener\" target=\"_blank\" data-ylk=\"slk:municipales;elm:context_link;itc:0;sec:content-canvas\" class=\"link \">municipales<\/a> \u00e0 <a href=\"https:\/\/www.20minutes.fr\/paris\/?at_medium=RSS%20feed&amp;at_campaign=ynews&amp;utm_source=yahoo&amp;utm_medium=rss&amp;utm_campaign=news_feed&amp;utm_content=in_article_link\" rel=\"nofollow noopener\" target=\"_blank\" data-ylk=\"slk:Paris;elm:context_link;itc:0;sec:content-canvas\" class=\"link \">Paris<\/a> serait un \u00ab\u00a0choix entre le progr\u00e8s et le trumpisme conservateur\u00a0\u00bb.<\/p>\n<p class=\"mb-4 text-lg md:leading-8 break-words\">\u00ab\u00a0La d\u00e9mocratie est en train de s\u2019ab\u00eemer par des discours extr\u00eamement durs et des attaques tr\u00e8s violentes en permanence\u00a0: ce n\u2019est pas notre mani\u00e8re de faire de la politique et on va l\u2019assumer\u00a0\u00bb, a poursuivi celui dont la liste aux \u00e9lections europ\u00e9ennes \u00e9tait arriv\u00e9e \u00e0 la troisi\u00e8me place en\u00a02024. Il se trouvait aux c\u00f4t\u00e9s du candidat socialiste <a href=\"https:\/\/www.20minutes.fr\/societe\/4187463-20251124-plaie-silencieuse-emmanuel-gregoire-candidat-mairie-paris-confie-avoir-victime-violences-sexuelles?at_medium=RSS%20feed&amp;at_campaign=ynews&amp;utm_source=yahoo&amp;utm_medium=rss&amp;utm_campaign=news_feed&amp;utm_content=in_article_link\" rel=\"nofollow noopener\" target=\"_blank\" data-ylk=\"slk:Emmanuel Gr\u00e9goire;elm:context_link;itc:0;sec:content-canvas\" class=\"link \">Emmanuel Gr\u00e9goire<\/a>, \u00e0 la t\u00eate d\u2019une coalition de gauche pour succ\u00e9der \u00e0 <a href=\"https:\/\/www.20minutes.fr\/dossier\/anne_hidalgo?at_medium=RSS%20feed&amp;at_campaign=ynews&amp;utm_source=yahoo&amp;utm_medium=rss&amp;utm_campaign=news_feed&amp;utm_content=in_article_link\" rel=\"nofollow noopener\" target=\"_blank\" data-ylk=\"slk:Anne Hidalgo;elm:context_link;itc:0;sec:content-canvas\" class=\"link \">Anne Hidalgo<\/a> \u00e0 la mairie de Paris.<\/p>\n<p class=\"mb-4 text-lg md:leading-8 break-words\">\u00ab\u00a0On nous expliquera qu\u2019\u00e0 l\u2019heure des r\u00e9seaux sociaux, ce qu\u2019il faut, c\u2019est faire du <a href=\"https:\/\/www.20minutes.fr\/dossier\/donald_trump?at_medium=RSS%20feed&amp;at_campaign=ynews&amp;utm_source=yahoo&amp;utm_medium=rss&amp;utm_campaign=news_feed&amp;utm_content=in_article_link\" rel=\"nofollow noopener\" target=\"_blank\" data-ylk=\"slk:Trump;elm:context_link;itc:0;sec:content-canvas\" class=\"link \">Trump<\/a>. Eh ben non. En fait, on va montrer qu\u2019il y a autre chose dans la vie politique et que cette autre chose peut gagner\u00a0\u00bb, a encore insist\u00e9 Rapha\u00ebl Glucksmann.<\/p>\n<p>\u00ab\u00a0Choc de projets\u00a0\u00bb<\/p>\n<p class=\"mb-4 text-lg md:leading-8 break-words\">Emmanuel Gr\u00e9goire a pour sa part estim\u00e9 que la campagne serait \u00ab\u00a0un choc de projets\u00a0\u00bb face \u00e0 la candidature de <a href=\"https:\/\/www.20minutes.fr\/politique\/rachida_dati?at_medium=RSS%20feed&amp;at_campaign=ynews&amp;utm_source=yahoo&amp;utm_medium=rss&amp;utm_campaign=news_feed&amp;utm_content=in_article_link\" rel=\"nofollow noopener\" target=\"_blank\" data-ylk=\"slk:Rachida Dati;elm:context_link;itc:0;sec:content-canvas\" class=\"link \">Rachida Dati<\/a>, maire du 7e\u00a0arrondissement et candidate malheureuse \u00e0 la mairie centrale en\u00a02020, soutenue par <a href=\"https:\/\/www.20minutes.fr\/politique\/lr\/?at_medium=RSS%20feed&amp;at_campaign=ynews&amp;utm_source=yahoo&amp;utm_medium=rss&amp;utm_campaign=news_feed&amp;utm_content=in_article_link\" rel=\"nofollow noopener\" target=\"_blank\" data-ylk=\"slk:Les R\u00e9publicains;elm:context_link;itc:0;sec:content-canvas\" class=\"link \">Les R\u00e9publicains<\/a> et le <a href=\"https:\/\/www.20minutes.fr\/dossier\/modem?at_medium=RSS%20feed&amp;at_campaign=ynews&amp;utm_source=yahoo&amp;utm_medium=rss&amp;utm_campaign=news_feed&amp;utm_content=in_article_link\" rel=\"nofollow noopener\" target=\"_blank\" data-ylk=\"slk:Modem;elm:context_link;itc:0;sec:content-canvas\" class=\"link \">Modem<\/a>.<\/p>\n<p class=\"mb-4 text-lg md:leading-8 break-words\">Apr\u00e8s la conclusion cette semaine d\u2019un accord d\u00e8s le premier tour avec le PCF, Place publique et, surtout, les Ecologistes, ces derniers faisaient traditionnellement cavalier seul aux municipales \u00e0 Paris avant le second tour, Emman(&#8230;)<\/p>\n<p class=\"mb-4 text-lg md:leading-8 break-words\"><a href=\"https:\/\/www.20minutes.fr\/politique\/4192627-20251221-municipales-2026-paris-raphael-glucksmann-soutien-emmanuel-gregoire-denonce-trumpisme-adversaires?at_medium=RSS%20feed&amp;at_campaign=ynews&amp;utm_source=yahoo&amp;utm_medium=rss&amp;utm_campaign=news_feed&amp;utm_content=read_more_link&quot;\" rel=\"nofollow noopener\" target=\"_blank\" data-ylk=\"slk:Lire la suite sur 20minutes;elm:context_link;itc:0;sec:content-canvas\" class=\"link \">Lire la suite sur 20minutes<\/a><\/p>\n<p>\u00c0 lire aussi :<br \/><a href=\"https:\/\/www.20minutes.fr\/politique\/david-belliard\/4191985-20251217-municipales-2026-paris-faire-bloc-face-monstre-dati-pourquoi-gauche-range-derriere-gregoire?at_medium=RSS%20feed&amp;at_campaign=ynews&amp;utm_source=yahoo&amp;utm_medium=rss&amp;utm_campaign=news_feed&amp;utm_content=related_content_link\" rel=\"nofollow noopener\" target=\"_blank\" data-ylk=\"slk:Municipales\u00a02026\u00a0\u00e0 Paris\u00a0: Faire bloc face au \u00ab\u00a0monstre Dati\u00a0\u00bb\u2026 Pourquoi la gauche se range derri\u00e8re Gr\u00e9goire;elm:context_link;itc:0;sec:content-canvas\" class=\"link \">Municipales\u00a02026\u00a0\u00e0 Paris\u00a0: Faire bloc face au \u00ab\u00a0monstre Dati\u00a0\u00bb\u2026 Pourquoi la gauche se range derri\u00e8re Gr\u00e9goire<\/a><br \/><a href=\"https:\/\/www.20minutes.fr\/politique\/4192089-20251218-municipales-2026-paris-socialistes-ecologistes-communistes-unis-derriere-emmanuel-gregoire-lfi?at_medium=RSS%20feed&amp;at_campaign=ynews&amp;utm_source=yahoo&amp;utm_medium=rss&amp;utm_campaign=news_feed&amp;utm_content=related_content_link\" rel=\"nofollow noopener\" target=\"_blank\" data-ylk=\"slk:Municipales\u00a02026 \u00e0 Paris\u00a0: Socialistes, \u00e9cologistes et communistes unis derri\u00e8re Emmanuel Gr\u00e9goire\u2026 mais sans LFI;elm:context_link;itc:0;sec:content-canvas\" class=\"link \">Municipales\u00a02026 \u00e0 Paris\u00a0: Socialistes, \u00e9cologistes et communistes unis derri\u00e8re Emmanuel Gr\u00e9goire\u2026 mais sans LFI<\/a><\/p>\n","protected":false},"excerpt":{"rendered":"capitale &#8211; Le parti de l\u2019eurod\u00e9put\u00e9 Rapha\u00ebl Glucksmann, participe \u00e0 la coalition de gauche men\u00e9e par le socialiste&hellip;\n","protected":false},"author":2,"featured_media":614134,"comment_status":"","ping_status":"","sticky":false,"template":"","format":"standard","meta":{"footnotes":""},"categories":[1888],"tags":[31089,1111,1928,11,1927,2618,8186,1777,674,1011,27,17261,2381,12,1926,626,1925,15923,25],"class_list":{"0":"post-614133","1":"post","2":"type-post","3":"status-publish","4":"format-standard","5":"has-post-thumbnail","7":"category-paris","8":"tag-5e-arrondissement-de-paris","9":"tag-actu","10":"tag-actu-paris","11":"tag-actualites","12":"tag-actualites-paris","13":"tag-anne-hidalgo","14":"tag-emmanuel-gregoire","15":"tag-eu","16":"tag-europe","17":"tag-fr","18":"tag-france","19":"tag-gregoire","20":"tag-mairie-de-paris","21":"tag-news","22":"tag-news-paris","23":"tag-paris","24":"tag-paris-news","25":"tag-raphael-glucksmann","26":"tag-republique-francaise"},"share_on_mastodon":{"url":"https:\/\/pubeurope.com\/@fr\/115758587238010466","error":""},"_links":{"self":[{"href":"https:\/\/www.europesays.com\/fr\/wp-json\/wp\/v2\/posts\/614133","targetHints":{"allow":["GET"]}}],"collection":[{"href":"https:\/\/www.europesays.com\/fr\/wp-json\/wp\/v2\/posts"}],"about":[{"href":"https:\/\/www.europesays.com\/fr\/wp-json\/wp\/v2\/types\/post"}],"author":[{"embeddable":true,"href":"https:\/\/www.europesays.com\/fr\/wp-json\/wp\/v2\/users\/2"}],"replies":[{"embeddable":true,"href":"https:\/\/www.europesays.com\/fr\/wp-json\/wp\/v2\/comments?post=614133"}],"version-history":[{"count":0,"href":"https:\/\/www.europesays.com\/fr\/wp-json\/wp\/v2\/posts\/614133\/revisions"}],"wp:featuredmedia":[{"embeddable":true,"href":"https:\/\/www.europesays.com\/fr\/wp-json\/wp\/v2\/media\/614134"}],"wp:attachment":[{"href":"https:\/\/www.europesays.com\/fr\/wp-json\/wp\/v2\/media?parent=614133"}],"wp:term":[{"taxonomy":"category","embeddable":true,"href":"https:\/\/www.europesays.com\/fr\/wp-json\/wp\/v2\/categories?post=614133"},{"taxonomy":"post_tag","embeddable":true,"href":"https:\/\/www.europesays.com\/fr\/wp-json\/wp\/v2\/tags?post=614133"}],"curies":[{"name":"wp","href":"https:\/\/api.w.org\/{rel}","templated":true}]}}