{"id":614139,"date":"2025-12-21T16:52:19","date_gmt":"2025-12-21T16:52:19","guid":{"rendered":"https:\/\/www.europesays.com\/fr\/614139\/"},"modified":"2025-12-21T16:52:19","modified_gmt":"2025-12-21T16:52:19","slug":"vers-une-attaque-de-la-russie-contre-les-pays-baltes-vladimir-poutine-na-pas-les-moyens-de-ses-ambitions","status":"publish","type":"post","link":"https:\/\/www.europesays.com\/fr\/614139\/","title":{"rendered":"Vers une attaque de la Russie contre les pays baltes ? Vladimir Poutine \u00ab\u00a0n&rsquo;a pas les moyens de ses ambitions\u00a0\u00bb"},"content":{"rendered":"<ul class=\"jsx-862013697 ArticleChapo__List\">\n<li class=\"jsx-862013697 ArticleChapo__List_Item flex\">La Russie continue de menacer l&rsquo;Europe, notamment les pays baltes.<\/li>\n<li class=\"jsx-862013697 ArticleChapo__List_Item flex\">Christian M\u00e9grelis, ancien conseiller de Mikha\u00efl Gorbatchev, estime qu&rsquo;il faut prendre la menace au s\u00e9rieux, mais ne pas la surestimer.<\/li>\n<\/ul>\n<p data-module=\"article-paragraph\" class=\"jsx-157965717 Paragraph\">L&rsquo;Europe craint des attaques sur son sol de la part de la <a href=\"https:\/\/www.tf1info.fr\/international\/video-lci-le-probleme-c-est-qu-a-chaque-fois-on-minimise-3-soldats-russes-foulent-le-sol-de-l-estonie-membre-de-l-otan-2414027.html\" target=\"_blank\" rel=\"noopener\">Russie<\/a>. Le chef du renseignement militaire ukrainien, d\u00e9j\u00e0 engag\u00e9 dans la guerre depuis quatre ans, a pr\u00e9venu que \u00ab\u00a0la Russie a avanc\u00e9\u00a0\u00bb \u00e0 2027 \u00ab\u00a0ses plans pour envahir les pays baltes\u00a0\u00bb. Et selon le patron du renseignement allemand, Bruno Kahl, la Russie va \u00ab\u00a0tester l&rsquo;Otan\u00a0\u00bb, notamment en ciblant les pays baltes. Et Mike Quigley, membre d\u00e9mocrate de la commission du renseignement de la Chambre des repr\u00e9sentants am\u00e9ricaine, d&rsquo;affirmer : \u00ab\u00a0Les Europ\u00e9ens en sont convaincus. Les Polonais en sont absolument convaincus. Les pays baltes pensent \u00eatre les premiers.\u00a0\u00bb<\/p>\n<p data-module=\"article-paragraph\" class=\"jsx-157965717 Paragraph Paragraph__End\">Une inqui\u00e9tude aliment\u00e9e par un \u00e9pisode survenu mercredi 17 d\u00e9cembre : trois soldats russes ont franchi la fronti\u00e8re avec l&rsquo;Estonie.<\/p>\n<p><a href=\"https:\/\/www.tf1info.fr\/international\/guerre-ukraine-russie-europe-union-europeenne-un-message-clair-a-vladimir-poutine-l-ue-debloque-90-milliards-d-euros-en-faveur-de-kiev-2413756.html\" rel=\"noopener\" class=\"jsx-3308031228 Link flex\" target=\"_blank\"><img decoding=\"async\" src=\"https:\/\/www.europesays.com\/fr\/wp-content\/uploads\/2025\/12\/drapeaux-europeens-bruxelles-7b8fe1-0@1x.jpeg\" alt=\"Getty Images\" loading=\"lazy\" importance=\"low\" fetchpriority=\"low\" class=\"\" aria-hidden=\"true\"\/><\/p>\n<p class=\"jsx-3657663356 ReadMoreArticle__Title\">Lire aussi<\/p>\n<p class=\"jsx-3657663356\">\u00ab\u00a0Un message clair \u00e0 Poutine\u00a0\u00bb : l&rsquo;UE va pr\u00eater 90 milliards d&rsquo;euros \u00e0 l&rsquo;Ukraine<\/p>\n<p><\/a><\/p>\n<p data-module=\"article-paragraph\" class=\"jsx-157965717 Paragraph\">\u00ab\u00a0C&rsquo;est vrai que nous, en tant qu&rsquo;Europ\u00e9ens, nous ne pouvons prendre \u00e7a qu&rsquo;au s\u00e9rieux\u00a0\u00bb, note Christian M\u00e9grelis, ancien conseiller de Mikha\u00efl Gorbatchev, dans la vid\u00e9o de LCI en t\u00eate de cet article. \u00ab\u00a0Il faut qu&rsquo;on se r\u00e9arme. Il faut qu&rsquo;il (Poutine) se dise que le co\u00fbt [d&rsquo;attaquer l&rsquo;Europe] va \u00eatre trop \u00e9lev\u00e9 et &lsquo;je n&rsquo;y arriverai pas&rsquo;.\u00a0\u00bb\u00a0<\/p>\n<p data-module=\"article-paragraph\" class=\"jsx-157965717 Paragraph Paragraph__End\">Christian M\u00e9grelis nuance tout de m\u00eame : il ne faut pas surestimer la menace. Selon lui, Vladimir Poutine \u00ab\u00a0n&rsquo;a pas les moyens de ses ambitions\u00a0\u00bb. S&rsquo;il \u00ab\u00a0parle sans arr\u00eat\u00a0\u00bb, en mena\u00e7ant les pays europ\u00e9ens d&rsquo;utiliser la bombe atomique, c&rsquo;est qu&rsquo;il est en position de \u00ab\u00a0faiblesse\u00a0\u00bb, assure l&rsquo;ancien conseiller. \u00ab\u00a0On ne voit pas les Am\u00e9ricains passer leur temps\u00a0\u00bb \u00e0 compter leurs sous-marins. \u00ab\u00a0Parce qu&rsquo;ils n&rsquo;en ont pas besoin\u00a0\u00bb pour intimider.<\/p>\n<p>Ga\u00eblle SHEEHAN<\/p>\n","protected":false},"excerpt":{"rendered":"La Russie continue de menacer l&rsquo;Europe, notamment les pays baltes. Christian M\u00e9grelis, ancien conseiller de Mikha\u00efl Gorbatchev, estime&hellip;\n","protected":false},"author":2,"featured_media":614140,"comment_status":"","ping_status":"","sticky":false,"template":"","format":"standard","meta":{"footnotes":""},"categories":[1591],"tags":[1111,11,1921,75,1909,73,674,1887,1922,13646,12,136,1885,1886,132,220,1917,133,1920,135],"class_list":{"0":"post-614139","1":"post","2":"type-post","3":"status-publish","4":"format-standard","5":"has-post-thumbnail","7":"category-russie","8":"tag-actu","9":"tag-actualites","10":"tag-article-video","11":"tag-donald-trump","12":"tag-estonie","13":"tag-etats-unis","14":"tag-europe","15":"tag-federation-de-russie","16":"tag-info","17":"tag-lci-midi","18":"tag-news","19":"tag-otan","20":"tag-russia","21":"tag-russian-federation","22":"tag-russie","23":"tag-ukraine","24":"tag-ukraine-4-annee-de-guerre","25":"tag-video","26":"tag-video-international","27":"tag-vladimir-poutine"},"share_on_mastodon":{"url":"https:\/\/pubeurope.com\/@fr\/115758599677326776","error":""},"_links":{"self":[{"href":"https:\/\/www.europesays.com\/fr\/wp-json\/wp\/v2\/posts\/614139","targetHints":{"allow":["GET"]}}],"collection":[{"href":"https:\/\/www.europesays.com\/fr\/wp-json\/wp\/v2\/posts"}],"about":[{"href":"https:\/\/www.europesays.com\/fr\/wp-json\/wp\/v2\/types\/post"}],"author":[{"embeddable":true,"href":"https:\/\/www.europesays.com\/fr\/wp-json\/wp\/v2\/users\/2"}],"replies":[{"embeddable":true,"href":"https:\/\/www.europesays.com\/fr\/wp-json\/wp\/v2\/comments?post=614139"}],"version-history":[{"count":0,"href":"https:\/\/www.europesays.com\/fr\/wp-json\/wp\/v2\/posts\/614139\/revisions"}],"wp:featuredmedia":[{"embeddable":true,"href":"https:\/\/www.europesays.com\/fr\/wp-json\/wp\/v2\/media\/614140"}],"wp:attachment":[{"href":"https:\/\/www.europesays.com\/fr\/wp-json\/wp\/v2\/media?parent=614139"}],"wp:term":[{"taxonomy":"category","embeddable":true,"href":"https:\/\/www.europesays.com\/fr\/wp-json\/wp\/v2\/categories?post=614139"},{"taxonomy":"post_tag","embeddable":true,"href":"https:\/\/www.europesays.com\/fr\/wp-json\/wp\/v2\/tags?post=614139"}],"curies":[{"name":"wp","href":"https:\/\/api.w.org\/{rel}","templated":true}]}}