{"id":61414,"date":"2025-04-29T09:12:08","date_gmt":"2025-04-29T09:12:08","guid":{"rendered":"https:\/\/www.europesays.com\/fr\/61414\/"},"modified":"2025-04-29T09:12:08","modified_gmt":"2025-04-29T09:12:08","slug":"je-ny-crois-pas-reagit-jordan-bardella","status":"publish","type":"post","link":"https:\/\/www.europesays.com\/fr\/61414\/","title":{"rendered":"\u00abJe n\u2019y crois pas\u00bb, r\u00e9agit Jordan Bardella"},"content":{"rendered":"<p>                             Par     <a class=\"fig-content-metas__author\" href=\"https:\/\/www.lefigaro.fr\/auteur\/hicham-mehdi-zemrani\" rel=\"author noopener\" target=\"_blank\">Hicham Zemrani<\/a><\/p>\n<p>\n            Publi\u00e9<br \/>\n                le 29 avril 2025 \u00e0 10h10,<br \/>\n                 mis \u00e0 jour le 29 avril 2025 \u00e0 10h53<\/p>\n<p>\u00a0\u00bb<br \/>\n        data-script=\u00a0\u00bbhttps:\/\/static.lefigaro.fr\/widget-video\/short-ttl\/video\/index.js\u00a0\u00bb<br \/>\n    &gt;<\/p>\n<p>Pour le pr\u00e9sident du RN, il est n\u00e9cessaire \u00abd\u2019avoir une forme d\u2019enracinement dans le pays\u00bb pour briguer l\u2019\u00c9lys\u00e9e.<\/p>\n<p class=\"fig-paragraph\">Alors que l\u2019hebdomadaire Valeurs Actuelles se fait l\u2019\u00e9cho des ambitions pr\u00e9sidentielles de l\u2019animateur\u00a0<a href=\"https:\/\/tvmag.lefigaro.fr\/programme-tv\/actu-tele\/candidature-de-cyril-hanouna-a-la-presidentielle-peut-on-vraiment-y-croire-20250428\" target=\"_blank\" data-fig-type=\"Article\" rel=\"noopener\" data-gtm-custom-categorie=\"navigation\" data-gtm-custom-action=\"crossclick\" data-gtm-custom-label=\"Contextuel\" data-gtm-event=\"customEventSPE\" data-fig-domain=\"TVMAG\">Cyril Hanouna<\/a>, Jordan Bardella a fait part de son scepticisme sur le plateau de CNews-Europe 1. \u00abJe n\u2019y crois pas\u00bb, a r\u00e9agi le pr\u00e9sident du Rassemblement national, adepte des plateaux du trublion du PAF, lorsque la cha\u00eene C8 \u00e9mettait encore. \u00abLa pr\u00e9sidentielle est devenue un chemin de croix et un parcours de combattant. Cela n\u00e9cessite aussi d\u2019avoir une forme d\u2019enracinement dans le pays\u00bb, a argu\u00e9 l\u2019eurod\u00e9put\u00e9 nationaliste. Cela n\u2019enl\u00e8ve toutefois rien \u00e0 \u00abl\u2019amiti\u00e9\u00bb et au \u00abrespect\u00bb qu\u2019il porte \u00e0 Cyril Hanouna et son travail, dont il loue le \u00abtalent\u00bb.<\/p>\n<p>\u00abIl n\u2019y a pas de changement de strat\u00e9gie\u00bb<\/p>\n<p class=\"fig-paragraph\">Jordan Bardella en a profit\u00e9 pour r\u00e9p\u00e9ter ce qu\u2019il a affirm\u00e9 le week-end dernier dans les colonnes du\u00a0<a href=\"https:\/\/www.leparisien.fr\/politique\/jordan-bardella-si-elle-est-empechee-je-serai-le-candidat-de-marine-le-pen-pour-2027-26-04-2025-NRBRMBWVBNAZNL6JR7JQWHZQQM.php\" target=\"_blank\" rel=\"nofollow noopener\" data-gtm-custom-categorie=\"navigation\" data-gtm-custom-action=\"crossclick\" data-gtm-custom-label=\"Contextuel\" data-gtm-event=\"customEventSPE\">Parisien<\/a>, \u00e0 savoir que si Marine Le Pen est emp\u00each\u00e9e de se pr\u00e9senter \u00e0 l\u2019\u00e9lection pr\u00e9sidentielle de 2027, il sera \u00abson candidat\u00bb. \u00abNous ne souhaitons pas prendre le risque que les 11 millions de Fran\u00e7ais qui ont vot\u00e9 pour nous aux \u00e9lections l\u00e9gislatives soient priv\u00e9s d\u2019une voix et d\u2019une expression\u00bb, a-t-il d\u00e9fendu.<\/p>\n<p class=\"fig-paragraph\">\u00abIl n\u2019y a pas de changement de strat\u00e9gie (&#8230;), rien de nouveau sous le soleil\u00bb, a insist\u00e9 l\u2019eurod\u00e9put\u00e9, pr\u00e9cisant que sa d\u00e9claration avait \u00e9t\u00e9 \u00abconcert\u00e9e\u00bb avec la chef de file des d\u00e9put\u00e9s RN. Si\u00a0<a href=\"http:\/\/www.lefigaro.fr\/politique\/matignon-ou-elysee-les-deux-campagnes-de-jordan-bardella-pour-2027-20250425\" data-fig-type=\"Article\" data-gtm-custom-categorie=\"navigation\" data-gtm-custom-action=\"crossclick\" data-gtm-custom-label=\"Contextuel\" data-gtm-event=\"customEventSPE\" data-fig-domain=\"LEFIGARO\" target=\"_blank\" rel=\"noopener\">Jordan Bardella<\/a>\u00a0acc\u00e8de \u00e0 l\u2019\u00c9lys\u00e9e, Marine Le Pen pourrait-elle devenir sa premi\u00e8re ministre\u00a0? \u00abCela serait extr\u00eamement d\u00e9plac\u00e9 de ma part de r\u00e9pondre \u00e0 cette question (&#8230;) Je ne sais pas si elle le souhaite\u00bb, a-t-il \u00e9vacu\u00e9.<\/p>\n","protected":false},"excerpt":{"rendered":"Par Hicham Zemrani Publi\u00e9 le 29 avril 2025 \u00e0 10h10, mis \u00e0 jour le 29 avril 2025 \u00e0&hellip;\n","protected":false},"author":2,"featured_media":61415,"comment_status":"","ping_status":"","sticky":false,"template":"","format":"standard","meta":{"footnotes":""},"categories":[2],"tags":[1111,47,11,1109,1083,1112,118,1108,107,1106,1107,1011,27,1110,1114,14,1077,12,1113,316,25],"class_list":{"0":"post-61414","1":"post","2":"type-post","3":"status-publish","4":"format-standard","5":"has-post-thumbnail","7":"category-actualites","8":"tag-actu","9":"tag-actualite","10":"tag-actualites","11":"tag-breves","12":"tag-cyril-hanouna","13":"tag-depeches","14":"tag-faits-divers","15":"tag-fil","16":"tag-fil-info","17":"tag-flash","18":"tag-flash-actu","19":"tag-fr","20":"tag-france","21":"tag-informations","22":"tag-infos","23":"tag-international","24":"tag-jordan-bardella","25":"tag-news","26":"tag-nouvelles","27":"tag-politique","28":"tag-republique-francaise"},"share_on_mastodon":{"url":"https:\/\/pubeurope.com\/@fr\/114420484906087551","error":""},"_links":{"self":[{"href":"https:\/\/www.europesays.com\/fr\/wp-json\/wp\/v2\/posts\/61414","targetHints":{"allow":["GET"]}}],"collection":[{"href":"https:\/\/www.europesays.com\/fr\/wp-json\/wp\/v2\/posts"}],"about":[{"href":"https:\/\/www.europesays.com\/fr\/wp-json\/wp\/v2\/types\/post"}],"author":[{"embeddable":true,"href":"https:\/\/www.europesays.com\/fr\/wp-json\/wp\/v2\/users\/2"}],"replies":[{"embeddable":true,"href":"https:\/\/www.europesays.com\/fr\/wp-json\/wp\/v2\/comments?post=61414"}],"version-history":[{"count":0,"href":"https:\/\/www.europesays.com\/fr\/wp-json\/wp\/v2\/posts\/61414\/revisions"}],"wp:featuredmedia":[{"embeddable":true,"href":"https:\/\/www.europesays.com\/fr\/wp-json\/wp\/v2\/media\/61415"}],"wp:attachment":[{"href":"https:\/\/www.europesays.com\/fr\/wp-json\/wp\/v2\/media?parent=61414"}],"wp:term":[{"taxonomy":"category","embeddable":true,"href":"https:\/\/www.europesays.com\/fr\/wp-json\/wp\/v2\/categories?post=61414"},{"taxonomy":"post_tag","embeddable":true,"href":"https:\/\/www.europesays.com\/fr\/wp-json\/wp\/v2\/tags?post=61414"}],"curies":[{"name":"wp","href":"https:\/\/api.w.org\/{rel}","templated":true}]}}