{"id":614165,"date":"2025-12-21T17:13:12","date_gmt":"2025-12-21T17:13:12","guid":{"rendered":"https:\/\/www.europesays.com\/fr\/614165\/"},"modified":"2025-12-21T17:13:12","modified_gmt":"2025-12-21T17:13:12","slug":"il-lui-disait-que","status":"publish","type":"post","link":"https:\/\/www.europesays.com\/fr\/614165\/","title":{"rendered":"\u00ab Il lui disait que&#8230;"},"content":{"rendered":"<p class=\"has-text-color has-small-font-size\" style=\"color:#747474\">Par <a href=\"https:\/\/www.parlons-basket.com\/biographie-auteur-elsa-girard-basset\/\" target=\"_blank\" rel=\"noopener\">Elsa Girard-Basset<\/a> |\u00a0Journaliste web<\/p>\n<p><strong><strong><strong>Parfois pr\u00e9sent\u00e9e comme une famille soud\u00e9e, la galaxie Hallyday a pourtant connu de profondes fractures. Si les tensions se sont peu \u00e0 peu apais\u00e9es avec le temps, certaines blessures ont durablement marqu\u00e9 les premiers enfants de Johnny Hallyday. Laura Smet, en particulier, a travers\u00e9 des \u00e9pisodes douloureux, faits de silences et de mises \u00e0 l\u2019\u00e9cart. Trois exemples illustrent ces difficult\u00e9s\u2026<\/strong><\/strong><\/strong><\/p>\n<p>Figure embl\u00e9matique de la chanson fran\u00e7aise, Johnny Hallyday a b\u00e2ti sa l\u00e9gende autant sur sc\u00e8ne que dans l\u2019imaginaire collectif. Mais derri\u00e8re le mythe du rockeur se cachait une vie familiale complexe, surtout apr\u00e8s son mariage avec Laeticia Hallyday. Laura Smet, fille n\u00e9e de sa relation avec Nathalie Baye, et David Hallyday, son fils a\u00een\u00e9, se sont progressivement retrouv\u00e9s rel\u00e9gu\u00e9s \u00e0 la p\u00e9riph\u00e9rie du clan. Une mise \u00e0 distance qui s\u2019est parfois traduite par des sc\u00e8nes v\u00e9cues comme de v\u00e9ritables humiliations.<\/p>\n<p>La premi\u00e8re d\u2019entre elles a \u00e9t\u00e9 relat\u00e9e par Fr\u00e9d\u00e9ric Beigbeder, alors compagnon de Laura Smet. Pr\u00e9sent lors d\u2019un d\u00eener organis\u00e9 pour c\u00e9l\u00e9brer les 10 ans de mariage de Johnny et Laeticia en 2006, l\u2019\u00e9crivain et chroniqueur se souvient d\u2019un moment particuli\u00e8rement cruel pour la jeune actrice. Il en avait parl\u00e9 au micro de BFM TV, \u00e9voquant une sc\u00e8ne rest\u00e9e grav\u00e9e dans les m\u00e9moires :<\/p>\n<p>\u00ab\u00a0Dans son discours sur sc\u00e8ne, Johnny a fait une d\u00e9claration d\u2019amour \u00e0 sa femme et l\u2019a remerci\u00e9e de tout coeur de lui avoir donn\u00e9 ses deux filles. Pas un mot sur David et Laura\u2026 Pour eux, c\u2019\u00e9tait un coup de massue. Laura voulait partir tout de suite. Nous nous sommes d\u2019ailleurs \u00e9clips\u00e9s peu apr\u00e8s\u00a0\u00bb<\/p>\n<p>Une autre situation, tout aussi douloureuse, concerne les relations entre le p\u00e8re et sa fille, contraintes \u00e0 la discr\u00e9tion. D\u2019apr\u00e8s son ex-chauffeur et homme de confiance, Johnny Hallyday aurait \u00e9t\u00e9 oblig\u00e9 de voir Laura Smet en cachette, notamment au restaurant, pour \u00e9viter la col\u00e8re de son \u00e9pouse. Cette impression d\u2019\u00eatre tol\u00e9r\u00e9e plut\u00f4t qu\u2019accept\u00e9e a profond\u00e9ment affect\u00e9 la com\u00e9dienne. Un proche du chanteur s\u2019en souvenait lui aussi dans les colonnes de Paris Match :<\/p>\n<p>\u00ab\u00a0Il essayait de prendre des nouvelles de Laura aupr\u00e8s d\u2019amis. Mais d\u00e8s que Laeticia appara\u00eet, il baisse le ton : \u2018Ne lui dis surtout pas que je t\u2019en ai parl\u00e9. Elle est tr\u00e8s jalouse de Laura. Si elle l\u2019apprend, elle va me rendre la vie impossible !\u00a0\u00bb<\/p>\n<p>Troisi\u00e8me humiliation, sans doute la plus symbolique : l\u2019\u00e9viction progressive de Laura Smet jusque dans l\u2019\u0153uvre artistique de son p\u00e8re. Le titre \u00ab\u00a0Laura\u00a0\u00bb, pourtant l\u2019une des chansons les plus personnelles et \u00e9mouvantes de Johnny Hallyday, a disparu de tous ses concerts apr\u00e8s sa mise en couple avec Laeticia. M\u00e9lita Toscan du Plantier avait expliqu\u00e9 les raisons de cette absence, r\u00e9v\u00e9lant ce que le rockeur lui confiait en priv\u00e9 :<\/p>\n<p>\u00ab\u00a0\u00c0 sa fille, il disait que ce n\u2019\u00e9tait pas lui qui d\u00e9cidait (des chansons jou\u00e9es, ndlr). Et \u00e0 moi, il affirmait : \u2018Tu comprends M\u00e9lita, je ne veux pas que Laeticia me fasse une sc\u00e8ne !&rsquo;\u00a0\u00bb<\/p>\n<p>Ces trois \u00e9pisodes, distincts mais profond\u00e9ment li\u00e9s, dessinent le portrait d\u2019une relation p\u00e8re-fille entrav\u00e9e, marqu\u00e9e par la peur du conflit et le renoncement. Laura Smet en a forc\u00e9ment souffert, mais sans jamais renier l\u2019amour qu\u2019elle portait \u00e0 son p\u00e8re. Aujourd\u2019hui, \u00e9paul\u00e9e par David Hallyday, dont elle s\u2019est rapproch\u00e9e, elle choisit de se souvenir des instants lumineux et de faire vivre l\u2019h\u00e9ritage artistique de Johnny Hallyday. Avec l\u2019appui de bon nombre des fans historiques du \u00ab\u00a0Taulier\u00a0\u00bb, qui ont choisi son camp plut\u00f4t que celui de Laeticia.<\/p>\n","protected":false},"excerpt":{"rendered":"Par Elsa Girard-Basset |\u00a0Journaliste web Parfois pr\u00e9sent\u00e9e comme une famille soud\u00e9e, la galaxie Hallyday a pourtant connu de&hellip;\n","protected":false},"author":2,"featured_media":614166,"comment_status":"","ping_status":"","sticky":false,"template":"","format":"standard","meta":{"footnotes":""},"categories":[1359],"tags":[58,59,1011,27,1304,15910,973],"class_list":{"0":"post-614165","1":"post","2":"type-post","3":"status-publish","4":"format-standard","5":"has-post-thumbnail","7":"category-people","8":"tag-divertissement","9":"tag-entertainment","10":"tag-fr","11":"tag-france","12":"tag-johnny-hallyday","13":"tag-laura-smet","14":"tag-people"},"share_on_mastodon":{"url":"https:\/\/pubeurope.com\/@fr\/115758681641261974","error":""},"_links":{"self":[{"href":"https:\/\/www.europesays.com\/fr\/wp-json\/wp\/v2\/posts\/614165","targetHints":{"allow":["GET"]}}],"collection":[{"href":"https:\/\/www.europesays.com\/fr\/wp-json\/wp\/v2\/posts"}],"about":[{"href":"https:\/\/www.europesays.com\/fr\/wp-json\/wp\/v2\/types\/post"}],"author":[{"embeddable":true,"href":"https:\/\/www.europesays.com\/fr\/wp-json\/wp\/v2\/users\/2"}],"replies":[{"embeddable":true,"href":"https:\/\/www.europesays.com\/fr\/wp-json\/wp\/v2\/comments?post=614165"}],"version-history":[{"count":0,"href":"https:\/\/www.europesays.com\/fr\/wp-json\/wp\/v2\/posts\/614165\/revisions"}],"wp:featuredmedia":[{"embeddable":true,"href":"https:\/\/www.europesays.com\/fr\/wp-json\/wp\/v2\/media\/614166"}],"wp:attachment":[{"href":"https:\/\/www.europesays.com\/fr\/wp-json\/wp\/v2\/media?parent=614165"}],"wp:term":[{"taxonomy":"category","embeddable":true,"href":"https:\/\/www.europesays.com\/fr\/wp-json\/wp\/v2\/categories?post=614165"},{"taxonomy":"post_tag","embeddable":true,"href":"https:\/\/www.europesays.com\/fr\/wp-json\/wp\/v2\/tags?post=614165"}],"curies":[{"name":"wp","href":"https:\/\/api.w.org\/{rel}","templated":true}]}}