{"id":614167,"date":"2025-12-21T17:14:19","date_gmt":"2025-12-21T17:14:19","guid":{"rendered":"https:\/\/www.europesays.com\/fr\/614167\/"},"modified":"2025-12-21T17:14:19","modified_gmt":"2025-12-21T17:14:19","slug":"immobilier-ville-de-demain-architecture-conseils-de-lecture","status":"publish","type":"post","link":"https:\/\/www.europesays.com\/fr\/614167\/","title":{"rendered":"Immobilier, ville de demain, architecture\u00a0: conseils de lecture"},"content":{"rendered":"<p class=\"c-chapo \">\n  \u00c0 l\u2019occasion des f\u00eates de fin d\u2019ann\u00e9e, voici une s\u00e9lection de livres relatifs \u00e0 l\u2019immobilier, \u00e0 l&rsquo;urbanisme et \u00e0 l\u2019architecture\u2026\n<\/p>\n<p>      lire plus tard<\/p>\n<p id=\"dialog__title\" class=\"dialog__title\">Pour sauvegarder cet article, connectez-vous ou cr\u00e9ez un compte franceinfo<\/p>\n<p class=\"dialog__description\">Sans paiement. Sans abonnement.<\/p>\n<p>        Fermer la fen\u00eatre d\u2019activation des notifications France Info<\/p>\n<p>      cr\u00e9er votre compte<\/p>\n<p>      se connecter<\/p>\n<p>      :<\/p>\n<p>        Fermer la fen\u00eatre de pr\u00e9sentation<\/p>\n<p>    <img decoding=\"async\" class=\"signature__image\" width=\"44\" height=\"44\"  alt=\"\" src=\"https:\/\/www.franceinfo.fr\/assets\/common\/images\/galaxie-icons\/avatar-e7320e16.svg\" fetchpriority=\"high\"\/><\/p>\n<p>    Publi\u00e9 le 20\/12\/2025 17:00<\/p>\n<p>        Temps de lecture : 3min<\/p>\n<p>    <img decoding=\"async\"  alt=\"Le coup de c\u0153ur d'Olivier Marin : &quot;L'histoire de l'architecture en images&quot;, r\u00e9alis\u00e9 par un collectif. (FLAMMARION)\" width=\"432\" height=\"243\" src=\"https:\/\/www.europesays.com\/fr\/wp-content\/uploads\/2025\/12\/nouveau-projet-69457666e6977498412570.jpg\" fetchpriority=\"high\"\/><\/p>\n<p>      Le coup de c\u0153ur d&rsquo;Olivier Marin : \u00ab\u00a0L&rsquo;histoire de l&rsquo;architecture en images\u00a0\u00bb, r\u00e9alis\u00e9 par un collectif. (FLAMMARION)<\/p>\n<p>Tout d\u2019abord, pour ceux qui ont un projet de placement dans l\u2019immobilier, il y a le Manuel de survie dans la jungle immobili\u00e8re (\u00e9ditions du Rocher). Il est sign\u00e9 St\u00e9phane Desquartiers, expert immobilier et enseignant. Au total, pr\u00e8s de 240\u00a0pages de conseils pratiques pour \u00e9viter les erreurs et bien se rep\u00e9rer. On trouve de nombreux exemples, avec des graphiques et des illustrations, sur l\u2019investissement locatif, la fiscalit\u00e9, la location, les types de biens, les secteurs en devenir, etc. Ce guide propose un panorama tr\u00e8s complet.<\/p>\n<p>Dans le m\u00eame esprit, le livre Epargner mieux pour vivre mieux (\u00e9ditions Solar). On le doit \u00e0 Philippe Crevel, directeur g\u00e9n\u00e9ral du Cercle de l\u2019\u00c9pargne. L\u2019immobilier tient une place importante dans cet ouvrage pens\u00e9 comme une bo\u00eete \u00e0 outils, avec des id\u00e9es pour se constituer un patrimoine, compl\u00e9ter ses revenus, pour la retraite, pour transmettre plus tard \u00e0 ses enfants\u2026<\/p>\n<p>Dans l\u2019air du temps, La ville r\u00e9g\u00e9n\u00e9rative (\u00e9ditions Apog\u00e9e). C&rsquo;est un livre qui nous interroge sur la place de nos espaces urbains. Comment repenser les b\u00e2timents, r\u00e9habiliter l\u2019existant, r\u00e9nover, b\u00e2tir r\u00e9versible, faire mieux avec moins\u00a0? Ouvrage passionnant sign\u00e9 Eduardo Blanco, urbaniste et docteur en sciences de l\u2019environnement.<\/p>\n<p>\u00c0 lire \u00e9galement, Le quartier du futur, la ville v\u00e9g\u00e9tale de demain (\u00e9ditions Delachaux et Niestl\u00e9), d\u2019Hugo Meunier et Myrtille Ferla. Comment mieux consid\u00e9rer l\u2019eau, pr\u00e9server le sol, imaginer des toits, des terrasses, des quartiers v\u00e9g\u00e9talis\u00e9s\u00a0? On d\u00e9couvre de superbes r\u00e9alisations et de nouvelles mani\u00e8res d&rsquo;habiter la ville.<\/p>\n<p>Pour se projeter encore plus, Villes 2050 (\u00e9ditions Eyrolles) de l\u2019architecte Vincent Callebault avec les textes d\u2019Arnaud Pag\u00e8s. Ce livre plonge dans l\u2019univers de l\u2019architecture bio climatique, avec les dessins de projets dont certains existent ou verront le jour. Par exemple la reconversion d\u2019anciens thermes d\u2019Aix-les-Bains en for\u00eats urbaines, mais aussi une ville amphibie, un village proven\u00e7al en terre crue, ou encore une galerie d\u2019art flottante imprim\u00e9e en 3D.<\/p>\n<p>Dans cette s\u00e9lection, coup de c\u0153ur pour le beau livre Histoire de l&rsquo;architecture en images (\u00e9ditions Flammarion). Il s&rsquo;agit d&rsquo;un ouvrage collectif de 440\u00a0pages pour d\u00e9couvrir l\u2019histoire et devenir incollable sur cet art majeur. <\/p>\n<p>On voyage des habitations anciennes aux gratte-ciel, des monuments historiques au design durable du XXIe si\u00e8cle. Au total, 700\u00a0b\u00e2timents, les principaux mouvements et les styles du monde entier. De la Gr\u00e8ce antique \u00e0 l\u2019architecture romantique.<\/p>\n<p>Une s\u00e9lection pour s\u2019informer, d\u00e9couvrir, ou tout simplement r\u00eaver&#8230;<\/p>\n","protected":false},"excerpt":{"rendered":"\u00c0 l\u2019occasion des f\u00eates de fin d\u2019ann\u00e9e, voici une s\u00e9lection de livres relatifs \u00e0 l\u2019immobilier, \u00e0 l&rsquo;urbanisme et&hellip;\n","protected":false},"author":2,"featured_media":614168,"comment_status":"","ping_status":"","sticky":false,"template":"","format":"standard","meta":{"footnotes":""},"categories":[1358],"tags":[1348,1384,1385,1386,58,59,1011,27],"class_list":{"0":"post-614167","1":"post","2":"type-post","3":"status-publish","4":"format-standard","5":"has-post-thumbnail","7":"category-arts-et-design","8":"tag-arts","9":"tag-arts-and-design","10":"tag-arts-et-design","11":"tag-design","12":"tag-divertissement","13":"tag-entertainment","14":"tag-fr","15":"tag-france"},"share_on_mastodon":{"url":"https:\/\/pubeurope.com\/@fr\/115758687398870423","error":""},"_links":{"self":[{"href":"https:\/\/www.europesays.com\/fr\/wp-json\/wp\/v2\/posts\/614167","targetHints":{"allow":["GET"]}}],"collection":[{"href":"https:\/\/www.europesays.com\/fr\/wp-json\/wp\/v2\/posts"}],"about":[{"href":"https:\/\/www.europesays.com\/fr\/wp-json\/wp\/v2\/types\/post"}],"author":[{"embeddable":true,"href":"https:\/\/www.europesays.com\/fr\/wp-json\/wp\/v2\/users\/2"}],"replies":[{"embeddable":true,"href":"https:\/\/www.europesays.com\/fr\/wp-json\/wp\/v2\/comments?post=614167"}],"version-history":[{"count":0,"href":"https:\/\/www.europesays.com\/fr\/wp-json\/wp\/v2\/posts\/614167\/revisions"}],"wp:featuredmedia":[{"embeddable":true,"href":"https:\/\/www.europesays.com\/fr\/wp-json\/wp\/v2\/media\/614168"}],"wp:attachment":[{"href":"https:\/\/www.europesays.com\/fr\/wp-json\/wp\/v2\/media?parent=614167"}],"wp:term":[{"taxonomy":"category","embeddable":true,"href":"https:\/\/www.europesays.com\/fr\/wp-json\/wp\/v2\/categories?post=614167"},{"taxonomy":"post_tag","embeddable":true,"href":"https:\/\/www.europesays.com\/fr\/wp-json\/wp\/v2\/tags?post=614167"}],"curies":[{"name":"wp","href":"https:\/\/api.w.org\/{rel}","templated":true}]}}