{"id":614169,"date":"2025-12-21T17:16:24","date_gmt":"2025-12-21T17:16:24","guid":{"rendered":"https:\/\/www.europesays.com\/fr\/614169\/"},"modified":"2025-12-21T17:16:24","modified_gmt":"2025-12-21T17:16:24","slug":"un-dimanche-a-la-campagne-du-21-decembre-2025-les-invites-de-frederic-lopez","status":"publish","type":"post","link":"https:\/\/www.europesays.com\/fr\/614169\/","title":{"rendered":"Un dimanche \u00e0 la campagne du 21 d\u00e9cembre 2025 : les invit\u00e9s de Fr\u00e9d\u00e9ric Lopez"},"content":{"rendered":"<p>\n<br \/>Publicit\u00e9<\/p>\n<p><strong>Un dimanche \u00e0 la campagne du 21 d\u00e9cembre 2025, les invit\u00e9s \u2013<\/strong> Fr\u00e9d\u00e9ric Lopez est de retour cet apr\u00e8s-midi sur France 2 pour un nouveau num\u00e9ro de l\u2019\u00e9mission <a href=\"https:\/\/www.stars-actu.fr\/tag\/undimanchealacampagne\/\" target=\"_blank\" rel=\"noopener\">\u00ab\u00a0Un dimanche \u00e0 la campagne\u00a0\u00bb<\/a>. Qui re\u00e7oit-il aujourd\u2019hui dans sa maison \u00e0 la campagne ? On vous dit tout !<\/p>\n<p>Rendez-vous \u00e0 16h10 sur France 2 ou sur <a href=\"https:\/\/www.france.tv\/france-2\/un-dimanche-a-la-campagne\/\" target=\"_blank\" rel=\"noopener\">france.tv<\/a> pour le replay.<\/p>\n<p><img fetchpriority=\"high\" decoding=\"async\" src=\"data:image\/svg+xml,%3Csvg%20xmlns=\" http:=\"\" alt=\"Un dimanche \u00e0 la campagne du 21 d\u00e9cembre 2025 : les invit\u00e9s de Fr\u00e9d\u00e9ric Lopez (vid\u00e9o)\" width=\"1200\" height=\"637\" class=\"size-full wp-image-167195\" data-lazy- data-lazy- data-lazy-src=\"https:\/\/www.europesays.com\/fr\/wp-content\/uploads\/2025\/12\/undimanchealacampagne.jpg\"\/>Capture FTV<\/p>\n<p>\n<br \/>Publicit\u00e9<\/p>\n<p>Un dimanche \u00e0 la campagne du 21 d\u00e9cembre 2025 : sommaire et invit\u00e9s<\/p>\n<p>Un dimanche \u00e0 la campagne\u00a0\u00bb revient ce dimanche sur France 2 avec un best-of des plus beaux moments de l\u2019\u00e9mission. Vous retrouverez un floril\u00e8ge des meilleurs moments avec les invit\u00e9s de la saison : Cyril F\u00e9raud, Catherine Lara, Philippe Lellouche, Chico, Claudia Tagbo, Roland P\u00e9rez, Julie Zenatti, Rapha\u00ebl Mezrahi, Isma\u00ebl Khelifa, Shy\u2019m, Henri Sannier, J\u00e9r\u00e9my Nadeau, Andr\u00e9 Manoukian, Ary Abittan, Rapha\u00eblle Giordano, Fabrice Deville, Linda Hardy, Samuel Ostiguy, Amel Bent, Florent Peyre, Kelly Massol, St\u00e9phanie Le Quellec, Olivier Norek, B\u00e9nabar, Garou, Sylvie Testud, \u00c9ric Dupond-Moretti, Matt Pokora, Marine Leonardi, Hakim Areski, Lo\u00efc Peyron, Natacha Lindinger, Thomas Angelvy, Bernard Werber, Sidonie Bonnec, et Pierre Lapointe.<\/p>\n","protected":false},"excerpt":{"rendered":"Publicit\u00e9 Un dimanche \u00e0 la campagne du 21 d\u00e9cembre 2025, les invit\u00e9s \u2013 Fr\u00e9d\u00e9ric Lopez est de retour&hellip;\n","protected":false},"author":2,"featured_media":614170,"comment_status":"","ping_status":"","sticky":false,"template":"","format":"standard","meta":{"footnotes":""},"categories":[1356],"tags":[58,59,1011,27,594,252,1364,72488],"class_list":{"0":"post-614169","1":"post","2":"type-post","3":"status-publish","4":"format-standard","5":"has-post-thumbnail","7":"category-television","8":"tag-divertissement","9":"tag-entertainment","10":"tag-fr","11":"tag-france","12":"tag-france-2","13":"tag-television","14":"tag-tv","15":"tag-undimanchealacampagne"},"share_on_mastodon":{"url":"","error":""},"_links":{"self":[{"href":"https:\/\/www.europesays.com\/fr\/wp-json\/wp\/v2\/posts\/614169","targetHints":{"allow":["GET"]}}],"collection":[{"href":"https:\/\/www.europesays.com\/fr\/wp-json\/wp\/v2\/posts"}],"about":[{"href":"https:\/\/www.europesays.com\/fr\/wp-json\/wp\/v2\/types\/post"}],"author":[{"embeddable":true,"href":"https:\/\/www.europesays.com\/fr\/wp-json\/wp\/v2\/users\/2"}],"replies":[{"embeddable":true,"href":"https:\/\/www.europesays.com\/fr\/wp-json\/wp\/v2\/comments?post=614169"}],"version-history":[{"count":0,"href":"https:\/\/www.europesays.com\/fr\/wp-json\/wp\/v2\/posts\/614169\/revisions"}],"wp:featuredmedia":[{"embeddable":true,"href":"https:\/\/www.europesays.com\/fr\/wp-json\/wp\/v2\/media\/614170"}],"wp:attachment":[{"href":"https:\/\/www.europesays.com\/fr\/wp-json\/wp\/v2\/media?parent=614169"}],"wp:term":[{"taxonomy":"category","embeddable":true,"href":"https:\/\/www.europesays.com\/fr\/wp-json\/wp\/v2\/categories?post=614169"},{"taxonomy":"post_tag","embeddable":true,"href":"https:\/\/www.europesays.com\/fr\/wp-json\/wp\/v2\/tags?post=614169"}],"curies":[{"name":"wp","href":"https:\/\/api.w.org\/{rel}","templated":true}]}}