{"id":614185,"date":"2025-12-21T17:24:22","date_gmt":"2025-12-21T17:24:22","guid":{"rendered":"https:\/\/www.europesays.com\/fr\/614185\/"},"modified":"2025-12-21T17:24:22","modified_gmt":"2025-12-21T17:24:22","slug":"a-paris-une-chapelle-presque-inconnue-attire-des-millions-de-touristes","status":"publish","type":"post","link":"https:\/\/www.europesays.com\/fr\/614185\/","title":{"rendered":"A Paris, une chapelle presque inconnue attire des millions de touristes"},"content":{"rendered":"<p>                     <img loading=\"lazy\" decoding=\"async\" src=\"https:\/\/www.europesays.com\/fr\/wp-content\/uploads\/2025\/12\/2bf1e20_upload-1-qgltsera262w-m0463918.jpg\" alt=\"Des touristes visitant la chapelle Notre-Dame-de-la-M\u00e9daille-Miraculeuse, \u00e0 Paris, le 15 juillet 2024.\"   width=\"664\" height=\"443\"\/>    Des touristes visitant la chapelle Notre-Dame-de-la-M\u00e9daille-Miraculeuse, \u00e0 Paris, le 15 juillet 2024.  BENJAMIN GIRETTE\/PARISMATCH\/SCOOP                 <\/p>\n<p class=\"article__paragraph  \">Des Br\u00e9siliens, des Mexicains, des Espagnols, des Italiens, des Philipins\u2026 A la sortie de la chapelle Notre-Dame-de-la-M\u00e9daille-Miraculeuse, \u00e0 Paris (7e), on croise des visiteurs du monde entier. Certains trimballent une valise \u00e0 roulettes, d\u2019autres un sac du Bon March\u00e9, situ\u00e9 juste en face. Personne ne franchit ce porche de la rue du Bac par hasard\u00a0: tous ont cal\u00e9 cette \u00e9tape au milieu d\u2019une journ\u00e9e remplie de visites dans la capitale.<\/p>\n<p class=\"article__paragraph  \">\u00ab\u00a0C\u2019est une chapelle tr\u00e8s connue au Guatemala. Toutes mes amies qui sont venues \u00e0 Paris sont pass\u00e9es par ici\u00a0\u00bb, livre Olga (qui n\u2019a pas souhait\u00e9 donner son nom, comme tous les personnes cit\u00e9es par leur seul pr\u00e9nom), 60\u00a0ans, en vacances avec son fils. Maria, une Mexicaine de 57\u00a0ans, conna\u00eet cette chapelle depuis son enfance. \u00ab\u00a0Mon p\u00e8re m\u2019avait offert un livre sur la m\u00e9daille miraculeuse. Je m\u2019en suis souvenue il y a quelques jours, en tombant sur une vid\u00e9o YouTube. Alors je me suis dit, je ne peux pas quitter Paris sans y passer\u00a0!\u00a0\u00bb<\/p>\n<p class=\"article__paragraph  \">Pas tr\u00e8s grande, tr\u00e8s bien entretenue, situ\u00e9e dans un quartier chic appr\u00e9ci\u00e9 des touristes, cette chapelle parisienne aura accueilli \u00ab\u00a03\u00a0millions de personnes en\u00a02025\u00a0\u00bb, essentiellement des \u00e9trangers, affirme le p\u00e8re Alexis Cerquera Trujillo, ancien missionnaire lazariste, et recteur des lieux. Un record. C\u2019est deux fois plus que la Sainte-Chapelle (o\u00f9 l\u2019entr\u00e9e est payante), et \u00e0 peu pr\u00e8s autant que le Mus\u00e9e d\u2019Orsay. \u00ab\u00a0Il y a dix ans, on avait moiti\u00e9 moins\u00a0de visiteurs\u00a0\u00bb, livre cet eccl\u00e9siastique colombien. Les commer\u00e7ants situ\u00e9s autour en profitent largement.<\/p>\n<p class=\"reading-mode-only \"><strong>Il vous reste 62.77% de cet article \u00e0 lire. La suite est r\u00e9serv\u00e9e aux abonn\u00e9s.<\/strong><\/p>\n","protected":false},"excerpt":{"rendered":"Des touristes visitant la chapelle Notre-Dame-de-la-M\u00e9daille-Miraculeuse, \u00e0 Paris, le 15 juillet 2024. BENJAMIN GIRETTE\/PARISMATCH\/SCOOP Des Br\u00e9siliens, des Mexicains,&hellip;\n","protected":false},"author":2,"featured_media":614186,"comment_status":"","ping_status":"","sticky":false,"template":"","format":"standard","meta":{"footnotes":""},"categories":[5],"tags":[11,1011,27,14,12,28],"class_list":{"0":"post-614185","1":"post","2":"type-post","3":"status-publish","4":"format-standard","5":"has-post-thumbnail","7":"category-international","8":"tag-actualites","9":"tag-fr","10":"tag-france","11":"tag-international","12":"tag-news","13":"tag-world"},"share_on_mastodon":{"url":"https:\/\/pubeurope.com\/@fr\/115758725798921412","error":""},"_links":{"self":[{"href":"https:\/\/www.europesays.com\/fr\/wp-json\/wp\/v2\/posts\/614185","targetHints":{"allow":["GET"]}}],"collection":[{"href":"https:\/\/www.europesays.com\/fr\/wp-json\/wp\/v2\/posts"}],"about":[{"href":"https:\/\/www.europesays.com\/fr\/wp-json\/wp\/v2\/types\/post"}],"author":[{"embeddable":true,"href":"https:\/\/www.europesays.com\/fr\/wp-json\/wp\/v2\/users\/2"}],"replies":[{"embeddable":true,"href":"https:\/\/www.europesays.com\/fr\/wp-json\/wp\/v2\/comments?post=614185"}],"version-history":[{"count":0,"href":"https:\/\/www.europesays.com\/fr\/wp-json\/wp\/v2\/posts\/614185\/revisions"}],"wp:featuredmedia":[{"embeddable":true,"href":"https:\/\/www.europesays.com\/fr\/wp-json\/wp\/v2\/media\/614186"}],"wp:attachment":[{"href":"https:\/\/www.europesays.com\/fr\/wp-json\/wp\/v2\/media?parent=614185"}],"wp:term":[{"taxonomy":"category","embeddable":true,"href":"https:\/\/www.europesays.com\/fr\/wp-json\/wp\/v2\/categories?post=614185"},{"taxonomy":"post_tag","embeddable":true,"href":"https:\/\/www.europesays.com\/fr\/wp-json\/wp\/v2\/tags?post=614185"}],"curies":[{"name":"wp","href":"https:\/\/api.w.org\/{rel}","templated":true}]}}