{"id":614195,"date":"2025-12-21T17:29:14","date_gmt":"2025-12-21T17:29:14","guid":{"rendered":"https:\/\/www.europesays.com\/fr\/614195\/"},"modified":"2025-12-21T17:29:14","modified_gmt":"2025-12-21T17:29:14","slug":"photos-nancy-en-effervescence-pour-les-derniers-achats-de-noel","status":"publish","type":"post","link":"https:\/\/www.europesays.com\/fr\/614195\/","title":{"rendered":"Photos. Nancy en effervescence pour les derniers achats de No\u00ebl"},"content":{"rendered":"<p>Les rues de Nancy se sont remplies d\u2019un flot continu de personnes en qu\u00eate du cadeau parfait. Entre jouets, gourmandises et id\u00e9es inattendues, chacun tente de d\u00e9nicher la perle rare. Les magasins d\u00e9bordent de monde, les vendeuses emballent les cadeaux avec un entrain communicatif, et les bras se\u00a0chargent \u00e0 vue d\u2019\u0153il au grand bonheur et soulagement de tous. Avis aux derniers retardataires: No\u00ebl approche, J\u20113 &#8230;<\/p>\n","protected":false},"excerpt":{"rendered":"Les rues de Nancy se sont remplies d\u2019un flot continu de personnes en qu\u00eate du cadeau parfait. Entre&hellip;\n","protected":false},"author":2,"featured_media":614196,"comment_status":"","ping_status":"","sticky":false,"template":"","format":"standard","meta":{"footnotes":""},"categories":[9635],"tags":[1111,11,33,1704,1777,674,1011,27,2798,775,1702,12,15830,25,104],"class_list":{"0":"post-614195","1":"post","2":"type-post","3":"status-publish","4":"format-standard","5":"has-post-thumbnail","7":"category-nancy","8":"tag-actu","9":"tag-actualites","10":"tag-economie","11":"tag-edition-nancy-et-agglomeration","12":"tag-eu","13":"tag-europe","14":"tag-fr","15":"tag-france","16":"tag-galerie-photo","17":"tag-grand-est","18":"tag-nancy","19":"tag-news","20":"tag-noel","21":"tag-republique-francaise","22":"tag-societe"},"share_on_mastodon":{"url":"https:\/\/pubeurope.com\/@fr\/115758744505998270","error":""},"_links":{"self":[{"href":"https:\/\/www.europesays.com\/fr\/wp-json\/wp\/v2\/posts\/614195","targetHints":{"allow":["GET"]}}],"collection":[{"href":"https:\/\/www.europesays.com\/fr\/wp-json\/wp\/v2\/posts"}],"about":[{"href":"https:\/\/www.europesays.com\/fr\/wp-json\/wp\/v2\/types\/post"}],"author":[{"embeddable":true,"href":"https:\/\/www.europesays.com\/fr\/wp-json\/wp\/v2\/users\/2"}],"replies":[{"embeddable":true,"href":"https:\/\/www.europesays.com\/fr\/wp-json\/wp\/v2\/comments?post=614195"}],"version-history":[{"count":0,"href":"https:\/\/www.europesays.com\/fr\/wp-json\/wp\/v2\/posts\/614195\/revisions"}],"wp:featuredmedia":[{"embeddable":true,"href":"https:\/\/www.europesays.com\/fr\/wp-json\/wp\/v2\/media\/614196"}],"wp:attachment":[{"href":"https:\/\/www.europesays.com\/fr\/wp-json\/wp\/v2\/media?parent=614195"}],"wp:term":[{"taxonomy":"category","embeddable":true,"href":"https:\/\/www.europesays.com\/fr\/wp-json\/wp\/v2\/categories?post=614195"},{"taxonomy":"post_tag","embeddable":true,"href":"https:\/\/www.europesays.com\/fr\/wp-json\/wp\/v2\/tags?post=614195"}],"curies":[{"name":"wp","href":"https:\/\/api.w.org\/{rel}","templated":true}]}}