{"id":614200,"date":"2025-12-21T17:33:18","date_gmt":"2025-12-21T17:33:18","guid":{"rendered":"https:\/\/www.europesays.com\/fr\/614200\/"},"modified":"2025-12-21T17:33:18","modified_gmt":"2025-12-21T17:33:18","slug":"leau-peut-encore-remonter-cette-nuit-prudence-lherault-aval-place-en-vigilance-orange-crues-au-niveau-de-la-plaine","status":"publish","type":"post","link":"https:\/\/www.europesays.com\/fr\/614200\/","title":{"rendered":"\u00ab\u00a0L\u2019eau peut encore remonter cette nuit\u00a0\u00bb\u00a0: prudence, l\u2019H\u00e9rault aval plac\u00e9 en vigilance orange crues au niveau de la plaine"},"content":{"rendered":"<p>\n                                                                Sorti de son lit depuis samedi 20\u00a0d\u00e9cembre, l\u2019H\u00e9rault se d\u00e9versait toujours dans les champs et sur certaines routes dans la vall\u00e9e, \u00e0 l\u2019ouest du d\u00e9partement, ce dimanche 21\u00a0d\u00e9cembre. En fin d\u2019apr\u00e8s-midi, M\u00e9t\u00e9o France a plac\u00e9 l\u2019int\u00e9gralit\u00e9 du fleuve en vigilance orange, crues.\n                            <\/p>\n<p>Depuis ce samedi 20\u00a0d\u00e9cembre, dans la matin\u00e9e<a href=\"https:\/\/www.midilibre.fr\/2025\/12\/20\/video-leau-est-montee-de-plus-de-quatre-metres-lherault-est-sorti-de-son-lit-dans-louest-du-departement-apres-lepisode-cevenol-13123027.php\" target=\"_blank\" rel=\"noopener\">, le fleuve H\u00e9rault est sorti de son lit dans la plaine du d\u00e9partement<\/a>, pr\u00e8s de P\u00e9zenas, Montagnac, Castelnau-de-Guers, ou encore plus en aval \u00e0 Saint-Thib\u00e9ry, Bessan et Agde.<\/p>\n<p class=\"std-elt__inline\">\n        <strong>\u00c0 lire aussi :<\/strong><br \/>\n        <a href=\"https:\/\/www.midilibre.fr\/2025\/12\/20\/video-leau-est-montee-de-plus-de-quatre-metres-lherault-est-sorti-de-son-lit-dans-louest-du-departement-apres-lepisode-cevenol-13123027.php\" target=\"_blank\" rel=\"noopener\">VIDEO L\u2019eau est mont\u00e9e de plus de quatre m\u00e8tres\u00a0: l\u2019H\u00e9rault est sorti de son lit dans l\u2019ouest du d\u00e9partement apr\u00e8s l\u2019\u00e9pisode c\u00e9venol<\/a>\n    <\/p>\n<p>Plut\u00f4t en raison des grandes pr\u00e9cipitations dans les C\u00e9vennes, au nord de l\u2019H\u00e9rault, le fleuve a inond\u00e9 de nombreux champs et vignes dans le secteur, avec une eau qui est mont\u00e9e de plus de quatre m\u00e8tres. Alors que l\u2019amont du fleuve \u00e9tait d\u00e9j\u00e0 plac\u00e9 en vigilance orange crues, M\u00e9t\u00e9o France a \u00e9galement plac\u00e9 la partie aval en vigilance orange, en fin d\u2019apr\u00e8s-midi. Selon la pr\u00e9fecture de l\u2019H\u00e9rault, \u00ab\u00a0le fleuve atteindra le seuil de crue vers 19\u00a0h \u00e0 Montagnac (hauteur\u00a0: 5\u00a0m)\u00a0\u00bb.<\/p>\n<p>\u00ab\u00a0J\u2019ai fait le tour du village ce matin, il semble qu\u2019on soit au pic de la crue, que \u00e7a commence \u00e0 se stabiliser, d\u00e9crit le maire de Castelnau-de-Guers, Didier Michel. Ce n\u2019est pas une crue extraordinaire, c\u2019est vrai que c\u2019est spectaculaire pour ceux qui ne connaissent pas la pleine sous l\u2019eau, mais il n\u2019y a rien d\u2019anormal. En revanche, il est vrai que \u00e7a s\u2019est fait de mani\u00e8re assez rapide, samedi. \u00c7a commence \u00e0 redescendre selon nos relev\u00e9s, mais comme la pluie ne s\u2019arr\u00eate pas au nord de l\u2019H\u00e9rault, l\u2019eau peut encore remonter cette nuit.\u00a0\u00bb<\/p>\n<p>De l\u2019eau dans les vignes<\/p>\n<p>Une crue qui isole quelque peu le village de Castelnau-de-Guers puisque l\u2019acc\u00e8s \u00e0 P\u00e9zenas et \u00e0 l\u2019autoroute A75 est coup\u00e9 en raison du trop-plein d\u2019eau sur la\u00a0D32E5. \u00ab\u00a0De notre c\u00f4t\u00e9, les services ont s\u00e9curis\u00e9 ce qu\u2019il doit l\u2019\u00eatre, indique Armand Rivi\u00e8re, le maire de P\u00e9zenas. La Peyne est sous contr\u00f4le, ce qui est probl\u00e9matique c\u2019est quand elle d\u00e9borde en m\u00eame temps que l\u2019H\u00e9rault.\u00a0\u00bb<\/p>\n<p>Pour autant, le fleuve h\u00e9raultais a inond\u00e9 de nombreux champs dans le Pisc\u00e9nois, notamment \u00e0 Montagnac. \u00ab\u00a0Les vignerons ont, eux, l\u2019habitude, \u00e7a am\u00e8ne du limon dans leurs vignes mais il ne faut pas que \u00e7a dure car il va falloir bient\u00f4t tailler, informe Yann Llopis, le premier \u00e9dile montagnacois. En tout cas, le pont reliant P\u00e9zenas \u00e0 Montagnac est toujours ouvert. Certaines routes ont \u00e9t\u00e9 ferm\u00e9es tout comme plusieurs passages \u00e0 gu\u00e9.\u00a0\u00bb<\/p>\n<p>\u00ab\u00a0J\u2019appelle \u00e0 la prudence, on est toujours tent\u00e9 de regarder ce spectacle mais \u00e7a peut \u00eatre dangereux\u00a0\u00bb<\/p>\n<p>Un peu plus en aval, l\u2019H\u00e9rault a \u00e9galement d\u00e9vers\u00e9 ses eaux hors de son lit, comme \u00e0 Bessan. \u00ab\u00a0Il n\u2019y a rien d\u2019exceptionnel pour le moment, ce sont quelques d\u00e9bordements habituels, rappelle St\u00e9phane P\u00e9pin-Bonnet, le maire. C\u2019est une crue modeste, il n\u2019y a pas d\u2019inqui\u00e9tude \u00e0 avoir pour l\u2019instant.\u00a0\u00bb<\/p>\n<p>Comme dans plusieurs endroits de l\u2019H\u00e9rault, certains acc\u00e8s ont d\u00fb \u00eatre coup\u00e9s, \u00e0 Agde, o\u00f9 se trouve l\u2019embouchure du fleuve. \u00ab\u00a0En fin de matin\u00e9e, il n\u2019y avait pas de difficult\u00e9s particuli\u00e8res, explique le maire agathois, S\u00e9bastien Frey. On a barr\u00e9 un acc\u00e8s au quai, en c\u0153ur de ville, afin que les biens et les personnes ne soient pas en danger. On sait que le niveau devrait encore monter dans les prochaines heures. On surveille o\u00f9 \u00e7a pourrait d\u00e9border. J\u2019appelle \u00e0 la prudence, on est toujours tent\u00e9 de regarder ce spectacle mais \u00e7a peut \u00eatre dangereux.\u00a0\u00bb<\/p>\n","protected":false},"excerpt":{"rendered":"Sorti de son lit depuis samedi 20\u00a0d\u00e9cembre, l\u2019H\u00e9rault se d\u00e9versait toujours dans les champs et sur certaines routes&hellip;\n","protected":false},"author":2,"featured_media":614201,"comment_status":"","ping_status":"","sticky":false,"template":"","format":"standard","meta":{"footnotes":""},"categories":[9599],"tags":[1111,11,37552,1777,674,1011,27,7089,71962,2208,15882,12,2680,25],"class_list":{"0":"post-614200","1":"post","2":"type-post","3":"status-publish","4":"format-standard","5":"has-post-thumbnail","7":"category-montpellier","8":"tag-actu","9":"tag-actualites","10":"tag-beziers","11":"tag-eu","12":"tag-europe","13":"tag-fr","14":"tag-france","15":"tag-herault","16":"tag-intempu00e9ries","17":"tag-montpellier","18":"tag-mu00e9tu00e9o","19":"tag-news","20":"tag-occitanie","21":"tag-republique-francaise"},"share_on_mastodon":{"url":"https:\/\/pubeurope.com\/@fr\/115758760264730092","error":""},"_links":{"self":[{"href":"https:\/\/www.europesays.com\/fr\/wp-json\/wp\/v2\/posts\/614200","targetHints":{"allow":["GET"]}}],"collection":[{"href":"https:\/\/www.europesays.com\/fr\/wp-json\/wp\/v2\/posts"}],"about":[{"href":"https:\/\/www.europesays.com\/fr\/wp-json\/wp\/v2\/types\/post"}],"author":[{"embeddable":true,"href":"https:\/\/www.europesays.com\/fr\/wp-json\/wp\/v2\/users\/2"}],"replies":[{"embeddable":true,"href":"https:\/\/www.europesays.com\/fr\/wp-json\/wp\/v2\/comments?post=614200"}],"version-history":[{"count":0,"href":"https:\/\/www.europesays.com\/fr\/wp-json\/wp\/v2\/posts\/614200\/revisions"}],"wp:featuredmedia":[{"embeddable":true,"href":"https:\/\/www.europesays.com\/fr\/wp-json\/wp\/v2\/media\/614201"}],"wp:attachment":[{"href":"https:\/\/www.europesays.com\/fr\/wp-json\/wp\/v2\/media?parent=614200"}],"wp:term":[{"taxonomy":"category","embeddable":true,"href":"https:\/\/www.europesays.com\/fr\/wp-json\/wp\/v2\/categories?post=614200"},{"taxonomy":"post_tag","embeddable":true,"href":"https:\/\/www.europesays.com\/fr\/wp-json\/wp\/v2\/tags?post=614200"}],"curies":[{"name":"wp","href":"https:\/\/api.w.org\/{rel}","templated":true}]}}