{"id":614206,"date":"2025-12-21T17:40:15","date_gmt":"2025-12-21T17:40:15","guid":{"rendered":"https:\/\/www.europesays.com\/fr\/614206\/"},"modified":"2025-12-21T17:40:15","modified_gmt":"2025-12-21T17:40:15","slug":"deux-nouveaux-entraineurs-vont-debarquer-a-grenoble","status":"publish","type":"post","link":"https:\/\/www.europesays.com\/fr\/614206\/","title":{"rendered":"Deux nouveaux entra\u00eeneurs vont d\u00e9barquer \u00e0 Grenoble"},"content":{"rendered":"<p>                    Par<br \/>\n        <strong><br \/>\n            <a href=\"https:\/\/actu.fr\/auteur\/clement-mazella\" title=\"Consulter tous les articles de Cl\u00e9ment Mazella\" target=\"_blank\" rel=\"noopener\">Cl\u00e9ment Mazella<\/a><br \/>\n                    <\/strong><\/p>\n<p>        Publi\u00e9 le<\/p>\n<p>            21 d\u00e9c. 2025 \u00e0 18h19        <\/p>\n<p>Seulement <a href=\"https:\/\/actu.fr\/rugby\/classements-resultats\" target=\"_blank\" rel=\"noopener\">10e de Pro D2<\/a>, <a href=\"https:\/\/actu.fr\/tag\/fc-grenoble-rugby\" target=\"_blank\" rel=\"noopener\">Grenoble<\/a> va voir son staff \u00e9voluer. <strong>Deux renforts<\/strong> sont notamment pr\u00e9vus, et ils seront l\u00e0 \u00e0 la reprise du FCG d\u00e9but janvier.<\/p>\n<p>Pierre Caillet et J\u00e9r\u00f4me Villegas arrivent \u00e0 Grenoble<\/p>\n<p class=\" wall-content\">Comme l\u2019indique <a href=\"https:\/\/www.ledauphine.com\/sport\/2025\/12\/21\/fcg-pierre-caillet-et-jerome-villegas-vont-rejoindre-le-staff-pendant-la-treve-l-avenir-de-patrick-pezery-en-suspens\" target=\"_blank\" rel=\"noopener\">Le Dauphin\u00e9 Lib\u00e9r\u00e9<\/a>, et que peut confirmer <a href=\"https:\/\/actu.fr\/rugby\/\" target=\"_blank\" rel=\"noopener\">Actu Rugby<\/a>, <strong>Pierre Caillet<\/strong> et <strong>J\u00e9r\u00f4me Villegas<\/strong> vont rejoindre le staff men\u00e9 par Jean-Fr\u00e9d\u00e9ric Dubois. Ce dernier est arriv\u00e9 en cours de saison dans l\u2019Is\u00e8re, en remplacement de Nicolas Nadau.<\/p>\n<p class=\" wall-content\">Pierre Caillet, \u00e9cart\u00e9 de son poste de manager \u00e0 B\u00e9ziers en mai dernier, va occuper le r\u00f4le d\u2019entra\u00eeneur des avants. Un joli rebond pour l\u2019ancien 3e ligne de 45 ans.\u00a0<\/p>\n<p class=\" wall-content\">Une source interne du FCG a confirm\u00e9 \u00e0 Actu Rugby l\u2019arriv\u00e9e de J\u00e9r\u00f4me Villegas. \u00c2g\u00e9 de 56 ans, ce technicien officie depuis 1997 en Australie. Il \u00e9tait derni\u00e8rement aux Tuggeranong Vikings (qui d\u00e9pendent de la province des Brumbies). Il sera en charge de la m\u00eal\u00e9e et de la touche.<\/p>\n<p>Quel avenir pour Patrick P\u00e9zery<\/p>\n<p class=\" wall-content\">Grenoble, qui a perdu les 3 derni\u00e8res finales de Pro D2, mais aussi les 3 derniers access-match, semble comme meurtri, et a toutes les peines du monde \u00e0 montrer son si s\u00e9duisant visage des saisons pr\u00e9c\u00e9dentes.<\/p>\n<p class=\" wall-content\">Les arriv\u00e9es de Caillet et Villegas pourraient avoir des cons\u00e9quences sur <strong>l\u2019avenir de Patrick P\u00e9zery<\/strong>, qui s\u2019occupent des avants du FCG. Il est sous contrat jusqu\u2019en juin 2027, mais une s\u00e9paration n\u2019est pas \u00e0 \u00e9carter. \u00ab\u00a0Son cas n\u2019est pas r\u00e9gl\u00e9. C\u2019est entre les mains du pr\u00e9sident Goffi\u00a0\u00bb, nous pr\u00e9cise une source interne de Grenoble.<\/p>\n<p class=\" wall-content\">Personnalisez votre actualit\u00e9 en ajoutant vos villes et m\u00e9dias en favori avec <a href=\"https:\/\/moncompte.actu.fr\" title=\"D\u00e9couvez Mon Actu\" rel=\"nofollow noopener\" data-trk=\"{&quot;cta&quot;:{&quot;action&quot;:&quot;https:\\\/\\\/moncompte.actu.fr&quot;,&quot;category&quot;:&quot;mon compte&quot;,&quot;from&quot;:&quot;article footer&quot;,&quot;name&quot;:&quot;Mon actu&quot;,&quot;type&quot;:&quot;cta&quot;}}\" target=\"_blank\">Mon Actu<\/a>.<\/p>\n","protected":false},"excerpt":{"rendered":"Par Cl\u00e9ment Mazella Publi\u00e9 le 21 d\u00e9c. 2025 \u00e0 18h19 Seulement 10e de Pro D2, Grenoble va voir&hellip;\n","protected":false},"author":2,"featured_media":614207,"comment_status":"","ping_status":"","sticky":false,"template":"","format":"standard","meta":{"footnotes":""},"categories":[9566],"tags":[1111,11,2430,1777,674,26025,1011,27,2731,12,2308,25,479,60,477],"class_list":{"0":"post-614206","1":"post","2":"type-post","3":"status-publish","4":"format-standard","5":"has-post-thumbnail","7":"category-grenoble","8":"tag-actu","9":"tag-actualites","10":"tag-auvergne-rhone-alpes","11":"tag-eu","12":"tag-europe","13":"tag-fc-grenoble-rugby","14":"tag-fr","15":"tag-france","16":"tag-grenoble","17":"tag-news","18":"tag-pro-d2","19":"tag-republique-francaise","20":"tag-rugby","21":"tag-sports","22":"tag-transferts-rugby"},"share_on_mastodon":{"url":"https:\/\/pubeurope.com\/@fr\/115758787786726981","error":""},"_links":{"self":[{"href":"https:\/\/www.europesays.com\/fr\/wp-json\/wp\/v2\/posts\/614206","targetHints":{"allow":["GET"]}}],"collection":[{"href":"https:\/\/www.europesays.com\/fr\/wp-json\/wp\/v2\/posts"}],"about":[{"href":"https:\/\/www.europesays.com\/fr\/wp-json\/wp\/v2\/types\/post"}],"author":[{"embeddable":true,"href":"https:\/\/www.europesays.com\/fr\/wp-json\/wp\/v2\/users\/2"}],"replies":[{"embeddable":true,"href":"https:\/\/www.europesays.com\/fr\/wp-json\/wp\/v2\/comments?post=614206"}],"version-history":[{"count":0,"href":"https:\/\/www.europesays.com\/fr\/wp-json\/wp\/v2\/posts\/614206\/revisions"}],"wp:featuredmedia":[{"embeddable":true,"href":"https:\/\/www.europesays.com\/fr\/wp-json\/wp\/v2\/media\/614207"}],"wp:attachment":[{"href":"https:\/\/www.europesays.com\/fr\/wp-json\/wp\/v2\/media?parent=614206"}],"wp:term":[{"taxonomy":"category","embeddable":true,"href":"https:\/\/www.europesays.com\/fr\/wp-json\/wp\/v2\/categories?post=614206"},{"taxonomy":"post_tag","embeddable":true,"href":"https:\/\/www.europesays.com\/fr\/wp-json\/wp\/v2\/tags?post=614206"}],"curies":[{"name":"wp","href":"https:\/\/api.w.org\/{rel}","templated":true}]}}