{"id":614208,"date":"2025-12-21T17:41:47","date_gmt":"2025-12-21T17:41:47","guid":{"rendered":"https:\/\/www.europesays.com\/fr\/614208\/"},"modified":"2025-12-21T17:41:47","modified_gmt":"2025-12-21T17:41:47","slug":"incendie-au-technicentre-sncf-de-rennes-pas-dimpact-sur-la-circulation-des-trains","status":"publish","type":"post","link":"https:\/\/www.europesays.com\/fr\/614208\/","title":{"rendered":"Incendie au technicentre SNCF de\u00a0Rennes\u00a0: pas d\u2019impact sur la circulation des trains"},"content":{"rendered":"<p>Trente-six pompiers de six centres de secours ont \u00e9t\u00e9 appel\u00e9s mercredi 17\u00a0d\u00e9cembre 2025 pour un feu qui s\u2019est d\u00e9clar\u00e9 vers 22\u00a0h\u00a040 au technicentre de la SNCF rue Auguste Pavie \u00e0 <a href=\"https:\/\/rennes.maville.com\/info\/info-locale\/\" target=\"_self\" rel=\"noopener\">Rennes<\/a>.<\/p>\n<p>Le feu a \u00e9t\u00e9 \u00e9teint vers minuit au moyen d\u2019une lance \u00e0 eau. Cette importante mobilisation de moyens de secours incendie est classique en raison de l\u2019importance de l\u2019infrastructure, a indiqu\u00e9 un\u00a0agent sur place.<\/p>\n<p>Une d\u00e9faillance sur un outil \u00e9lectrique<\/p>\n<p>Ce jeudi matin, la SNCF indique que le feu a eu lieu dans un local technique de stockage de fournitures de moindre importance, en raison d\u2019une d\u00e9faillance sur un outil \u00e9lectrique.<\/p>\n<p>La SNCF souligne qu\u2019il n\u2019a eu aucun impact sur la circulation des trains qui est normale ce jeudi18\u00a0avril.<\/p>\n<p>\u00a0<\/p>\n","protected":false},"excerpt":{"rendered":"Trente-six pompiers de six centres de secours ont \u00e9t\u00e9 appel\u00e9s mercredi 17\u00a0d\u00e9cembre 2025 pour un feu qui s\u2019est&hellip;\n","protected":false},"author":2,"featured_media":614209,"comment_status":"","ping_status":"","sticky":false,"template":"","format":"standard","meta":{"footnotes":""},"categories":[2821],"tags":[1111,11,829,3542,1777,674,1011,27,4514,1310,12,584,25,2215,72490,5811],"class_list":{"0":"post-614208","1":"post","2":"type-post","3":"status-publish","4":"format-standard","5":"has-post-thumbnail","7":"category-rennes","8":"tag-actu","9":"tag-actualites","10":"tag-bretagne","11":"tag-circulation","12":"tag-eu","13":"tag-europe","14":"tag-fr","15":"tag-france","16":"tag-impact","17":"tag-incendie","18":"tag-news","19":"tag-rennes","20":"tag-republique-francaise","21":"tag-sncf","22":"tag-technicentre","23":"tag-trains"},"share_on_mastodon":{"url":"https:\/\/pubeurope.com\/@fr\/115758791590493891","error":""},"_links":{"self":[{"href":"https:\/\/www.europesays.com\/fr\/wp-json\/wp\/v2\/posts\/614208","targetHints":{"allow":["GET"]}}],"collection":[{"href":"https:\/\/www.europesays.com\/fr\/wp-json\/wp\/v2\/posts"}],"about":[{"href":"https:\/\/www.europesays.com\/fr\/wp-json\/wp\/v2\/types\/post"}],"author":[{"embeddable":true,"href":"https:\/\/www.europesays.com\/fr\/wp-json\/wp\/v2\/users\/2"}],"replies":[{"embeddable":true,"href":"https:\/\/www.europesays.com\/fr\/wp-json\/wp\/v2\/comments?post=614208"}],"version-history":[{"count":0,"href":"https:\/\/www.europesays.com\/fr\/wp-json\/wp\/v2\/posts\/614208\/revisions"}],"wp:featuredmedia":[{"embeddable":true,"href":"https:\/\/www.europesays.com\/fr\/wp-json\/wp\/v2\/media\/614209"}],"wp:attachment":[{"href":"https:\/\/www.europesays.com\/fr\/wp-json\/wp\/v2\/media?parent=614208"}],"wp:term":[{"taxonomy":"category","embeddable":true,"href":"https:\/\/www.europesays.com\/fr\/wp-json\/wp\/v2\/categories?post=614208"},{"taxonomy":"post_tag","embeddable":true,"href":"https:\/\/www.europesays.com\/fr\/wp-json\/wp\/v2\/tags?post=614208"}],"curies":[{"name":"wp","href":"https:\/\/api.w.org\/{rel}","templated":true}]}}