{"id":614212,"date":"2025-12-21T17:44:18","date_gmt":"2025-12-21T17:44:18","guid":{"rendered":"https:\/\/www.europesays.com\/fr\/614212\/"},"modified":"2025-12-21T17:44:18","modified_gmt":"2025-12-21T17:44:18","slug":"un-concert-gospel-de-noel-gratuit-bientot-organise-dans-cette-eglise-a-strasbourg","status":"publish","type":"post","link":"https:\/\/www.europesays.com\/fr\/614212\/","title":{"rendered":"Un concert gospel de No\u00ebl gratuit bient\u00f4t organis\u00e9 dans cette \u00e9glise \u00e0 Strasbourg"},"content":{"rendered":"<p>                    Par<br \/>\n        <strong><br \/>\n            <a href=\"https:\/\/actu.fr\/auteur\/ivan-capecchi\" title=\"Consulter tous les articles de Ivan CAPECCHI\" target=\"_blank\" rel=\"noopener\">Ivan CAPECCHI<\/a><br \/>\n                    <\/strong><\/p>\n<p>        Publi\u00e9 le<\/p>\n<p>            21 d\u00e9c. 2025 \u00e0 18h02        <\/p>\n<p>Dimanche 21 d\u00e9cembre \u00e0 18h, l\u2019<strong>\u00e9glise protestante du Neudorf<\/strong>, situ\u00e9e 144 route du Polygone \u00e0 <strong>Strasbourg<\/strong>, accueillera un <strong>concert gospel<\/strong> de <a href=\"https:\/\/actu.fr\/tag\/noel\" target=\"_blank\" rel=\"noopener\">No\u00ebl<\/a>.<\/p>\n<p class=\" wall-content\">Le spectacle sera assur\u00e9 par le<strong> groupe Oh My Gospel<\/strong>, <strong>No\u00e9mie Kessler du groupe MMK<\/strong> et <strong>dix musiciens<\/strong> (violonistes, saxophonistes\u2026).<\/p>\n<p class=\" wall-content\">L\u2019entr\u00e9e est <strong>gratuite<\/strong>, et un <strong>ap\u00e9ro de No\u00ebl<\/strong> est pr\u00e9vu apr\u00e8s le <a href=\"https:\/\/actu.fr\/concert\" target=\"_blank\" rel=\"noopener\">concert<\/a>.<\/p>\n<p>Dans le m\u00eame secteur, d\u00e9couvrez la cr\u00e8che de la paroisse Saint-Aloyse<\/p>\n<p class=\" wall-content\">Dans le m\u00eame secteur, et sur le m\u00eame th\u00e8me, on vous invite aussi \u00e0 d\u00e9couvrir la somptueuse <a href=\"https:\/\/actu.fr\/grand-est\/strasbourg_67482\/strasbourg-riche-en-details-cette-creche-monumentale-emerveille-les-visiteurs_61980848.html\" target=\"_blank\" rel=\"noopener\">cr\u00e8che monumentale de la paroisse Saint-Aloyse<\/a>, situ\u00e9e 127 route du Polygone \u00e0 Strasbourg.<\/p>\n<p class=\" wall-content\">Attention cependant, <strong>la paroisse Saint-Aloyse est ferm\u00e9e les dimanches et lundis<\/strong>. En l\u2019occurrence, elle est ouverte du mardi au jeudi de 14h \u00e0 18h, le vendredi de 9h \u00e0 12h et de 14h \u00e0 18h, le samedi, de 9h \u00e0 12h.<\/p>\n<p class=\" wall-content\">Personnalisez votre actualit\u00e9 en ajoutant vos villes et m\u00e9dias en favori avec <a href=\"https:\/\/moncompte.actu.fr\" title=\"D\u00e9couvez Mon Actu\" rel=\"nofollow noopener\" data-trk=\"{&quot;cta&quot;:{&quot;action&quot;:&quot;https:\\\/\\\/moncompte.actu.fr&quot;,&quot;category&quot;:&quot;mon compte&quot;,&quot;from&quot;:&quot;article footer&quot;,&quot;name&quot;:&quot;Mon actu&quot;,&quot;type&quot;:&quot;cta&quot;}}\" target=\"_blank\">Mon Actu<\/a>.<\/p>\n","protected":false},"excerpt":{"rendered":"Par Ivan CAPECCHI Publi\u00e9 le 21 d\u00e9c. 2025 \u00e0 18h02 Dimanche 21 d\u00e9cembre \u00e0 18h, l\u2019\u00e9glise protestante du&hellip;\n","protected":false},"author":2,"featured_media":614213,"comment_status":"","ping_status":"","sticky":false,"template":"","format":"standard","meta":{"footnotes":""},"categories":[2820],"tags":[1111,11,1697,1777,674,1011,27,775,1652,12,15830,25,853,640],"class_list":{"0":"post-614212","1":"post","2":"type-post","3":"status-publish","4":"format-standard","5":"has-post-thumbnail","7":"category-strasbourg","8":"tag-actu","9":"tag-actualites","10":"tag-concert","11":"tag-eu","12":"tag-europe","13":"tag-fr","14":"tag-france","15":"tag-grand-est","16":"tag-loisirs-culture","17":"tag-news","18":"tag-noel","19":"tag-republique-francaise","20":"tag-spectacles","21":"tag-strasbourg"},"share_on_mastodon":{"url":"https:\/\/pubeurope.com\/@fr\/115758803335865660","error":""},"_links":{"self":[{"href":"https:\/\/www.europesays.com\/fr\/wp-json\/wp\/v2\/posts\/614212","targetHints":{"allow":["GET"]}}],"collection":[{"href":"https:\/\/www.europesays.com\/fr\/wp-json\/wp\/v2\/posts"}],"about":[{"href":"https:\/\/www.europesays.com\/fr\/wp-json\/wp\/v2\/types\/post"}],"author":[{"embeddable":true,"href":"https:\/\/www.europesays.com\/fr\/wp-json\/wp\/v2\/users\/2"}],"replies":[{"embeddable":true,"href":"https:\/\/www.europesays.com\/fr\/wp-json\/wp\/v2\/comments?post=614212"}],"version-history":[{"count":0,"href":"https:\/\/www.europesays.com\/fr\/wp-json\/wp\/v2\/posts\/614212\/revisions"}],"wp:featuredmedia":[{"embeddable":true,"href":"https:\/\/www.europesays.com\/fr\/wp-json\/wp\/v2\/media\/614213"}],"wp:attachment":[{"href":"https:\/\/www.europesays.com\/fr\/wp-json\/wp\/v2\/media?parent=614212"}],"wp:term":[{"taxonomy":"category","embeddable":true,"href":"https:\/\/www.europesays.com\/fr\/wp-json\/wp\/v2\/categories?post=614212"},{"taxonomy":"post_tag","embeddable":true,"href":"https:\/\/www.europesays.com\/fr\/wp-json\/wp\/v2\/tags?post=614212"}],"curies":[{"name":"wp","href":"https:\/\/api.w.org\/{rel}","templated":true}]}}