{"id":614216,"date":"2025-12-21T17:47:19","date_gmt":"2025-12-21T17:47:19","guid":{"rendered":"https:\/\/www.europesays.com\/fr\/614216\/"},"modified":"2025-12-21T17:47:19","modified_gmt":"2025-12-21T17:47:19","slug":"qui-est-la-nouvelle-directrice-generale-de-la-fondation-lenval","status":"publish","type":"post","link":"https:\/\/www.europesays.com\/fr\/614216\/","title":{"rendered":"Qui est la nouvelle directrice g\u00e9n\u00e9rale de la Fondation Lenval ?"},"content":{"rendered":"<p melodystyle=\"\">Le Conseil d\u2019administration de la <a href=\"https:\/\/tribuca.net\/actualites_151365926-fondation-lenval-le-directeur-general-ronan-dubois-quitte-ses-fonctions\/\" target=\"_blank\" rel=\"noopener\">Fondation Lenval<\/a> a officialis\u00e9 la nomination de C\u00e9line Metge au poste de directrice g\u00e9n\u00e9rale. Dipl\u00f4m\u00e9e de l\u2019\u00c9cole des Hautes \u00c9tudes en Sant\u00e9 Publique de Rennes, elle avait rejoint la structure en avril 2024 comme directrice d\u00e9l\u00e9gu\u00e9e de l\u2019H\u00f4pital P\u00e9diatrique Universitaire, un poste qui lui a permis de bien conna\u00eetre les \u00e9quipes et les enjeux du territoire. Son parcours l\u2019a men\u00e9e du CHU de Nice, o\u00f9 elle a d\u00e9but\u00e9 sa carri\u00e8re, \u00e0 plusieurs \u00e9tablissements priv\u00e9s d\u2019int\u00e9r\u00eat collectif, notamment l\u2019H\u00f4pital L\u00e9on B\u00e9rard \u00e0 Hy\u00e8res puis le Centre Antoine Lacassagne, o\u00f9 elle dirigeait les ressources humaines m\u00e9dicales et non m\u00e9dicales.<\/p>\n<p><img width=\"640\" height=\"426\" src=\"https:\/\/www.europesays.com\/fr\/wp-content\/uploads\/2025\/12\/qui-est-la-nouvelle-directrice-generale-de-la-fondation-lenval-2-1024x682.jpg\" class=\"attachment-large size-large\" alt=\"qui est la nouvelle directrice generale de la fondation lenval 2\" decoding=\"async\" loading=\"lazy\"  \/>C\u00e9line Metge.<\/p>\n<p melodystyle=\"\">\u00c0 la t\u00eate d\u2019un r\u00e9seau de 1.500 professionnels r\u00e9partis sur 21 sites, C\u00e9line Metge souhaite poursuivre le d\u00e9veloppement des activit\u00e9s de la Fondation, renforcer la dimension universitaire et de recherche de l\u2019h\u00f4pital p\u00e9diatrique et maintenir un dialogue constructif avec les partenaires institutionnels. Elle met \u00e9galement l\u2019accent sur l\u2019attractivit\u00e9 des m\u00e9tiers, la qualit\u00e9 de vie au travail et la pr\u00e9paration du prochain projet m\u00e9dical. Plusieurs chantiers sont d\u00e9j\u00e0 engag\u00e9s sous l\u2019impulsion du Conseil d\u2019administration et de son pr\u00e9sident, Ma\u00eetre Fran\u00e7ois Dunan : ouverture d\u2019un SESSAD \u00e0 Breil-sur-Roya, cr\u00e9ation d\u2019une unit\u00e9 pour adolescents \u00e0 l\u2019IES Les Chanterelles, modernisation de l\u2019EEAP Henri Germain, investissements en imagerie et au bloc op\u00e9ratoire pour l\u2019h\u00f4pital p\u00e9diatrique.<\/p>\n","protected":false},"excerpt":{"rendered":"Le Conseil d\u2019administration de la Fondation Lenval a officialis\u00e9 la nomination de C\u00e9line Metge au poste de directrice&hellip;\n","protected":false},"author":2,"featured_media":614217,"comment_status":"","ping_status":"","sticky":false,"template":"","format":"standard","meta":{"footnotes":""},"categories":[2819],"tags":[1111,11,1777,674,1011,27,12,2401,882,25],"class_list":{"0":"post-614216","1":"post","2":"type-post","3":"status-publish","4":"format-standard","5":"has-post-thumbnail","7":"category-nice","8":"tag-actu","9":"tag-actualites","10":"tag-eu","11":"tag-europe","12":"tag-fr","13":"tag-france","14":"tag-news","15":"tag-nice","16":"tag-provence-alpes-cote-dazur","17":"tag-republique-francaise"},"share_on_mastodon":{"url":"https:\/\/pubeurope.com\/@fr\/115758815466794690","error":""},"_links":{"self":[{"href":"https:\/\/www.europesays.com\/fr\/wp-json\/wp\/v2\/posts\/614216","targetHints":{"allow":["GET"]}}],"collection":[{"href":"https:\/\/www.europesays.com\/fr\/wp-json\/wp\/v2\/posts"}],"about":[{"href":"https:\/\/www.europesays.com\/fr\/wp-json\/wp\/v2\/types\/post"}],"author":[{"embeddable":true,"href":"https:\/\/www.europesays.com\/fr\/wp-json\/wp\/v2\/users\/2"}],"replies":[{"embeddable":true,"href":"https:\/\/www.europesays.com\/fr\/wp-json\/wp\/v2\/comments?post=614216"}],"version-history":[{"count":0,"href":"https:\/\/www.europesays.com\/fr\/wp-json\/wp\/v2\/posts\/614216\/revisions"}],"wp:featuredmedia":[{"embeddable":true,"href":"https:\/\/www.europesays.com\/fr\/wp-json\/wp\/v2\/media\/614217"}],"wp:attachment":[{"href":"https:\/\/www.europesays.com\/fr\/wp-json\/wp\/v2\/media?parent=614216"}],"wp:term":[{"taxonomy":"category","embeddable":true,"href":"https:\/\/www.europesays.com\/fr\/wp-json\/wp\/v2\/categories?post=614216"},{"taxonomy":"post_tag","embeddable":true,"href":"https:\/\/www.europesays.com\/fr\/wp-json\/wp\/v2\/tags?post=614216"}],"curies":[{"name":"wp","href":"https:\/\/api.w.org\/{rel}","templated":true}]}}