{"id":614220,"date":"2025-12-21T17:50:28","date_gmt":"2025-12-21T17:50:28","guid":{"rendered":"https:\/\/www.europesays.com\/fr\/614220\/"},"modified":"2025-12-21T17:50:28","modified_gmt":"2025-12-21T17:50:28","slug":"sans-solution-un-joueur-est-envoye-en-ligue-2","status":"publish","type":"post","link":"https:\/\/www.europesays.com\/fr\/614220\/","title":{"rendered":"Sans solution, un joueur est envoy\u00e9 en Ligue 2"},"content":{"rendered":"<p><b>En manque de temps de jeu du c\u00f4t\u00e9 du FC Nantes, Yassine<br \/>\nBenhattab pourrait quitter les Canaris cet hiver. L\u2019En Avant de Guingamp cible<br \/>\nle jeune offensif de 23 ans. Le meilleur joueur du championnat de National l\u2019an<br \/>\npass\u00e9 ne compte qu\u2019une seule titularisation sur les 10 derni\u00e8res journ\u00e9es de<br \/>\n<a href=\"https:\/\/www.foot01.com\/ligue1\" title=\"Ligue 1\" target=\"_blank\" rel=\"noopener\">Ligue 1<\/a>. <\/b>\u00c9tincelant la saison pass\u00e9e avec Aubagne en National,<br \/>\nYassine Benhattab peine \u00e0 faire le jump de deux divisions. Le jeune nantais de<br \/>\n23 ans a \u00e9t\u00e9 titularis\u00e9 par Ahmed Kantari lors de la derni\u00e8re journ\u00e9e de <a href=\"https:\/\/www.foot01.com\/nantes\" target=\"_self\" rel=\"noopener\">Ligue<br \/>\n1<\/a> en 2025 du c\u00f4t\u00e9 d\u2019Angers (4-1). Une premi\u00e8re pour l\u2019ailier depuis 10<br \/>\nrencontres. Un changement d&rsquo;entra\u00eeneur qui lui a permis de retrouver le<br \/>\nrectangle vert.Entre le mois d\u2019octobre et sa titularisation mi-d\u00e9cembre, il ne<br \/>\ncompte que 69 minutes de jeu. Un manque de temps de jeu qui oblige les Canaris<br \/>\n\u00e0 trouver une solution. Pour se relancer, le natif de Marseille est la cible de<br \/>\nl\u2019En Avant de Guingamp. Le neuvi\u00e8me de <a href=\"https:\/\/www.foot01.com\/ligue2\" title=\"Ligue 2\" target=\"_blank\" rel=\"noopener\">Ligue 2<\/a> reste sur deux d\u00e9faites<br \/>\ncons\u00e9cutives en championnat et compte sept points de retard sur l\u2019AS<br \/>\nSaint-Etienne.Yassine Benhattab, cible prioritaire de Guingamp<\/p>\n<p>Foot Mercato \u00e9voque ce dimanche que le jeune Yassine<br \/>\nBenhattab est donc une solution envisageable pour les Bretons. Le jeune nantais<br \/>\npourrait poursuivre son apprentissage dans l\u2019antichambre du football fran\u00e7ais<br \/>\net se relancer. \u00ab Guingamp souhaite rapidement conclure son arriv\u00e9e sous<br \/>\nla forme d\u2019un pr\u00eat,\u00a0\u00bb \u00e9crit le quotidien sportif fran\u00e7ais. L\u2019ailier de 23<br \/>\nans est par ailleurs malade ce dimanche et n&rsquo;a pas disput\u00e9 la rencontre face \u00e0<br \/>\nConcarneau (N1) en Coupe de France. De son c\u00f4t\u00e9, Guingamp cible \u00e9galement Yohan<br \/>\nDemoncy. Le milieu de terrain de 29 ans n\u2019est plus dans les plans du Stade de<br \/>\nReims. Form\u00e9 au Paris Saint-Germain, Demoncy est arriv\u00e9 libre cet \u00e9t\u00e9 au sein<br \/>\ndu club champenois apr\u00e8s un beau passage du c\u00f4t\u00e9 d\u2019Annecy.\u00a0<\/p>\n","protected":false},"excerpt":{"rendered":"En manque de temps de jeu du c\u00f4t\u00e9 du FC Nantes, Yassine Benhattab pourrait quitter les Canaris cet&hellip;\n","protected":false},"author":2,"featured_media":614221,"comment_status":"","ping_status":"","sticky":false,"template":"","format":"standard","meta":{"footnotes":""},"categories":[2818],"tags":[1111,11,1777,674,462,1011,27,66,446,766,12,2636,25],"class_list":{"0":"post-614220","1":"post","2":"type-post","3":"status-publish","4":"format-standard","5":"has-post-thumbnail","7":"category-nantes","8":"tag-actu","9":"tag-actualites","10":"tag-eu","11":"tag-europe","12":"tag-fc-nantes","13":"tag-fr","14":"tag-france","15":"tag-ligue-1","16":"tag-ligue-2","17":"tag-nantes","18":"tag-news","19":"tag-pays-de-la-loire","20":"tag-republique-francaise"},"share_on_mastodon":{"url":"https:\/\/pubeurope.com\/@fr\/115758827088321486","error":""},"_links":{"self":[{"href":"https:\/\/www.europesays.com\/fr\/wp-json\/wp\/v2\/posts\/614220","targetHints":{"allow":["GET"]}}],"collection":[{"href":"https:\/\/www.europesays.com\/fr\/wp-json\/wp\/v2\/posts"}],"about":[{"href":"https:\/\/www.europesays.com\/fr\/wp-json\/wp\/v2\/types\/post"}],"author":[{"embeddable":true,"href":"https:\/\/www.europesays.com\/fr\/wp-json\/wp\/v2\/users\/2"}],"replies":[{"embeddable":true,"href":"https:\/\/www.europesays.com\/fr\/wp-json\/wp\/v2\/comments?post=614220"}],"version-history":[{"count":0,"href":"https:\/\/www.europesays.com\/fr\/wp-json\/wp\/v2\/posts\/614220\/revisions"}],"wp:featuredmedia":[{"embeddable":true,"href":"https:\/\/www.europesays.com\/fr\/wp-json\/wp\/v2\/media\/614221"}],"wp:attachment":[{"href":"https:\/\/www.europesays.com\/fr\/wp-json\/wp\/v2\/media?parent=614220"}],"wp:term":[{"taxonomy":"category","embeddable":true,"href":"https:\/\/www.europesays.com\/fr\/wp-json\/wp\/v2\/categories?post=614220"},{"taxonomy":"post_tag","embeddable":true,"href":"https:\/\/www.europesays.com\/fr\/wp-json\/wp\/v2\/tags?post=614220"}],"curies":[{"name":"wp","href":"https:\/\/api.w.org\/{rel}","templated":true}]}}