{"id":614225,"date":"2025-12-21T17:53:14","date_gmt":"2025-12-21T17:53:14","guid":{"rendered":"https:\/\/www.europesays.com\/fr\/614225\/"},"modified":"2025-12-21T17:53:14","modified_gmt":"2025-12-21T17:53:14","slug":"les-newsletters-touleco-changent-de-rythme-pour-les-fetes","status":"publish","type":"post","link":"https:\/\/www.europesays.com\/fr\/614225\/","title":{"rendered":"Les newsletters Toul\u00c9co changent de rythme pour les f\u00eates"},"content":{"rendered":"<p>La Matinale et les Hebdos de Toul\u00c9co se mettent en mode hibernation le temps des f\u00eates de fin d\u2019ann\u00e9e. La premi\u00e8re semaine des vacances, du 22 au 28\u00a0d\u00e9cembre, vous pouvez retrouver une s\u00e9lection d\u2019articles in\u00e9dits sur le num\u00e9rique et notamment des extraits des derniers dossiers et reportages r\u00e9alis\u00e9s par la r\u00e9daction.<\/p>\n<p>Et la derni\u00e8re semaine de l\u2019ann\u00e9e, vous aurez l\u2019occasion de re-d\u00e9couvrir quelques-uns des articles parmi les plus lus de ces derni\u00e8res semaines. <br class=\"autobr\"\/><br \/>\nTout l\u2019\u00e9quipe vous donne rendez-vous \u00e0 partir du 5\u00a0janvier 2026 pour de nouvelles actualit\u00e9s \u00e9conomiques in\u00e9dites en Occitanie\u00a0!<\/p>\n","protected":false},"excerpt":{"rendered":"La Matinale et les Hebdos de Toul\u00c9co se mettent en mode hibernation le temps des f\u00eates de fin&hellip;\n","protected":false},"author":2,"featured_media":373637,"comment_status":"","ping_status":"","sticky":false,"template":"","format":"standard","meta":{"footnotes":""},"categories":[2816],"tags":[1111,11,1777,674,1011,27,12,2680,25,54207,67137,72491,2312],"class_list":{"0":"post-614225","1":"post","2":"type-post","3":"status-publish","4":"format-standard","5":"has-post-thumbnail","7":"category-toulouse","8":"tag-actu","9":"tag-actualites","10":"tag-eu","11":"tag-europe","12":"tag-fr","13":"tag-france","14":"tag-news","15":"tag-occitanie","16":"tag-republique-francaise","17":"tag-touleco","18":"tag-touleco-montpellier","19":"tag-touleco-tarn","20":"tag-toulouse"},"share_on_mastodon":{"url":"https:\/\/pubeurope.com\/@fr\/115758838962009560","error":""},"_links":{"self":[{"href":"https:\/\/www.europesays.com\/fr\/wp-json\/wp\/v2\/posts\/614225","targetHints":{"allow":["GET"]}}],"collection":[{"href":"https:\/\/www.europesays.com\/fr\/wp-json\/wp\/v2\/posts"}],"about":[{"href":"https:\/\/www.europesays.com\/fr\/wp-json\/wp\/v2\/types\/post"}],"author":[{"embeddable":true,"href":"https:\/\/www.europesays.com\/fr\/wp-json\/wp\/v2\/users\/2"}],"replies":[{"embeddable":true,"href":"https:\/\/www.europesays.com\/fr\/wp-json\/wp\/v2\/comments?post=614225"}],"version-history":[{"count":0,"href":"https:\/\/www.europesays.com\/fr\/wp-json\/wp\/v2\/posts\/614225\/revisions"}],"wp:featuredmedia":[{"embeddable":true,"href":"https:\/\/www.europesays.com\/fr\/wp-json\/wp\/v2\/media\/373637"}],"wp:attachment":[{"href":"https:\/\/www.europesays.com\/fr\/wp-json\/wp\/v2\/media?parent=614225"}],"wp:term":[{"taxonomy":"category","embeddable":true,"href":"https:\/\/www.europesays.com\/fr\/wp-json\/wp\/v2\/categories?post=614225"},{"taxonomy":"post_tag","embeddable":true,"href":"https:\/\/www.europesays.com\/fr\/wp-json\/wp\/v2\/tags?post=614225"}],"curies":[{"name":"wp","href":"https:\/\/api.w.org\/{rel}","templated":true}]}}