{"id":614238,"date":"2025-12-21T18:00:18","date_gmt":"2025-12-21T18:00:18","guid":{"rendered":"https:\/\/www.europesays.com\/fr\/614238\/"},"modified":"2025-12-21T18:00:18","modified_gmt":"2025-12-21T18:00:18","slug":"lyon-4e-caluire-et-cuire-la-maison-du-petit-monde-a-trouve-sa-place-a-lhopital-de-la-croix-rousse","status":"publish","type":"post","link":"https:\/\/www.europesays.com\/fr\/614238\/","title":{"rendered":"Lyon 4e | Caluire-et-Cuire. La Maison du Petit Monde a trouv\u00e9 sa place \u00e0 l\u2019h\u00f4pital de la Croix-Rousse"},"content":{"rendered":"<p>Avec ses sp\u00e9cialit\u00e9s de pointe (maternit\u00e9 de niveau 3, r\u00e9animation n\u00e9onatale, gyn\u00e9cologie, orthop\u00e9die, cardiologie, transplantation h\u00e9patique, maladies infectieuses, g\u00e9riatrie\u2026) l\u2019h\u00f4pital de la Croix-Rousse accueille des patients venus de toute la r\u00e9gion. Pens\u00e9e comme une maison d\u2019accueil hospitali\u00e8re, la Maison du Petit Monde a pour vocation de faciliter leur venue \u00e0 l\u2019h\u00f4pital, en offrant une solution d\u2019h\u00e9bergement confortable, temporaire et accessible avec des prix adapt\u00e9s, au c\u0153ur de l\u2019\u00e9tablissement.<\/p>\n<p>D\u00e9j\u00e0 des pics \u00e0 85\u00a0% de remplissage<\/p>\n<p>Ouverte le 2\u00a0septembre et officiellement inaugur\u00e9e ce jeudi 18\u00a0d\u00e9cembre, la maison a d\u00e9j\u00e0 atteint des pics \u00e0 85\u00a0% de remplissage, et fait la preuve de son utilit\u00e9 chaque jour avec d\u00e9j\u00e0 plus de 500 personnes h\u00e9berg\u00e9es.<\/p>\n<p>De nombreux&#8230;<\/p>\n","protected":false},"excerpt":{"rendered":"Avec ses sp\u00e9cialit\u00e9s de pointe (maternit\u00e9 de niveau 3, r\u00e9animation n\u00e9onatale, gyn\u00e9cologie, orthop\u00e9die, cardiologie, transplantation h\u00e9patique, maladies infectieuses,&hellip;\n","protected":false},"author":2,"featured_media":614239,"comment_status":"","ping_status":"","sticky":false,"template":"","format":"standard","meta":{"footnotes":""},"categories":[1889],"tags":[1111,11,2430,15843,15842,2757,1777,674,1011,27,2428,12,25,71],"class_list":{"0":"post-614238","1":"post","2":"type-post","3":"status-publish","4":"format-standard","5":"has-post-thumbnail","7":"category-lyon","8":"tag-actu","9":"tag-actualites","10":"tag-auvergne-rhone-alpes","11":"tag-caluire","12":"tag-caluire-et-cuire","13":"tag-edition-lyon-villeurbanne","14":"tag-eu","15":"tag-europe","16":"tag-fr","17":"tag-france","18":"tag-lyon","19":"tag-news","20":"tag-republique-francaise","21":"tag-sante"},"share_on_mastodon":{"url":"https:\/\/pubeurope.com\/@fr\/115758866282890124","error":""},"_links":{"self":[{"href":"https:\/\/www.europesays.com\/fr\/wp-json\/wp\/v2\/posts\/614238","targetHints":{"allow":["GET"]}}],"collection":[{"href":"https:\/\/www.europesays.com\/fr\/wp-json\/wp\/v2\/posts"}],"about":[{"href":"https:\/\/www.europesays.com\/fr\/wp-json\/wp\/v2\/types\/post"}],"author":[{"embeddable":true,"href":"https:\/\/www.europesays.com\/fr\/wp-json\/wp\/v2\/users\/2"}],"replies":[{"embeddable":true,"href":"https:\/\/www.europesays.com\/fr\/wp-json\/wp\/v2\/comments?post=614238"}],"version-history":[{"count":0,"href":"https:\/\/www.europesays.com\/fr\/wp-json\/wp\/v2\/posts\/614238\/revisions"}],"wp:featuredmedia":[{"embeddable":true,"href":"https:\/\/www.europesays.com\/fr\/wp-json\/wp\/v2\/media\/614239"}],"wp:attachment":[{"href":"https:\/\/www.europesays.com\/fr\/wp-json\/wp\/v2\/media?parent=614238"}],"wp:term":[{"taxonomy":"category","embeddable":true,"href":"https:\/\/www.europesays.com\/fr\/wp-json\/wp\/v2\/categories?post=614238"},{"taxonomy":"post_tag","embeddable":true,"href":"https:\/\/www.europesays.com\/fr\/wp-json\/wp\/v2\/tags?post=614238"}],"curies":[{"name":"wp","href":"https:\/\/api.w.org\/{rel}","templated":true}]}}