{"id":614240,"date":"2025-12-21T18:03:12","date_gmt":"2025-12-21T18:03:12","guid":{"rendered":"https:\/\/www.europesays.com\/fr\/614240\/"},"modified":"2025-12-21T18:03:12","modified_gmt":"2025-12-21T18:03:12","slug":"tragedie-dans-la-seine-avion-en-flammes-le-bhv-rachete-les-infos-du-week-end-en-ile-de-france","status":"publish","type":"post","link":"https:\/\/www.europesays.com\/fr\/614240\/","title":{"rendered":"Trag\u00e9die dans la Seine, avion en flammes, le BHV rachet\u00e9&#8230; Les infos du week-end en \u00cele-de-France"},"content":{"rendered":"<p>                    Par<br \/>\n        <strong><br \/>\n            <a href=\"https:\/\/actu.fr\/auteur\/redaction-paris\" title=\"Consulter tous les articles de R\u00e9daction Paris\" target=\"_blank\" rel=\"noopener\">R\u00e9daction Paris<\/a><br \/>\n                    <\/strong><\/p>\n<p>        Publi\u00e9 le<\/p>\n<p>            21 d\u00e9c. 2025 \u00e0 18h02        <\/p>\n<p>Un tragique accident. Un homme et une femme sont <strong>d\u00e9c\u00e9d\u00e9s<\/strong> dans la nuit du samedi 20 au dimanche 21 d\u00e9cembre 2025 apr\u00e8s que leur voiture est <strong>tomb\u00e9e<\/strong> dans <a href=\"https:\/\/actu.fr\/ile-de-france\/paris_75056\/paris-ouverture-de-la-seine-a-la-baignade-tout-ce-qu-il-faut-savoir-avant-de-piquer-une-tete-dans-le-fleuve_62868473.html\" target=\"_blank\" rel=\"noopener\">la Seine<\/a> \u00e0 <a href=\"https:\/\/actu.fr\/ile-de-france\/puteaux_92062\/puteaux-un-homme-et-une-femme-meurent-noyes-dans-leur-voiture-tombee-dans-la-seine_63607133.html\" target=\"_blank\" rel=\"noopener\">Puteaux<\/a>. Les faits se sont d\u00e9roul\u00e9s au niveau de l\u2019all\u00e9e de l\u2019Ecluse, sur l\u2019\u00cele de Puteaux.\u00a0<\/p>\n<p class=\" wall-content\">C\u2019est la principale information de ce week-end dans votre r\u00e9gion.\u00a0<\/p>\n<p class=\" wall-content\"><strong>Les infos marquantes du week-end \u00e0 Paris et en \u00cele-de-France<\/strong><\/p>\n<p class=\" wall-content\"><strong>Hauts-de-Seine. <\/strong><a title=\"Lire l&#039;article\" href=\"https:\/\/actu.fr\/ile-de-france\/puteaux_92062\/puteaux-un-homme-et-une-femme-meurent-noyes-dans-leur-voiture-tombee-dans-la-seine_63607133.html\" target=\"_blank\" rel=\"noopener\"><strong>Puteaux : un homme et une femme meurent noy\u00e9s dans leur voiture tomb\u00e9e dans la Seine<\/strong><\/a><br \/>Deux corps ont \u00e9t\u00e9 retrouv\u00e9s dans une voiture tomb\u00e9e dans la Seine \u00e0 Puteaux, dans la nuit du samedi 20 au dimanche 21 d\u00e9cembre 2025. Une enqu\u00eate est en cours.<\/p>\n<p class=\" wall-content\"><strong>Val-de-Marne. <\/strong><a title=\"Lire l&#039;article\" href=\"https:\/\/actu.fr\/ile-de-france\/orly_94054\/des-flammes-sur-un-vol-air-france-un-avion-paris-ajaccio-deroute-en-urgence-apres-un-probleme-technique_63606760.html\" target=\"_blank\" rel=\"noopener\"><strong>Des flammes sur un vol Air France : un avion Paris-Ajaccio d\u00e9rout\u00e9 en urgence apr\u00e8s un probl\u00e8me technique<\/strong><\/a><br \/>Ce samedi 20 d\u00e9cembre 2025, le vol AF7562 reliant l\u2019a\u00e9roport d\u2019Orly \u00e0 Ajaccio a atterri en urgence \u00e0 Lyon. Des passagers indiquent avoir vu des flammes depuis leur si\u00e8ge.<\/p>\n<p class=\" wall-content\"><strong>Paris. <\/strong><a title=\"Lire l&#039;article\" href=\"https:\/\/actu.fr\/ile-de-france\/paris_75056\/paris-le-groupe-galeries-lafayette-negocie-pour-vendre-les-murs-du-bhv-a-un-acteur-anglo-saxon_63604952.html\" target=\"_blank\" rel=\"noopener\"><strong>Le BHV Paris vendu \u00e0 un investisseur anglo-saxon, Fr\u00e9d\u00e9ric Merlin et Shein vont rester dans les murs<\/strong><\/a><br \/>Les Galeries Lafayette sont en passe de vendre les murs du BHV aux conditions pr\u00e9vues avec le groupe SGM.<\/p>\n<p class=\" wall-content\"><strong>Seine-et-Saint-Denis. <\/strong><a title=\"Lire l&#039;article\" href=\"https:\/\/actu.fr\/ile-de-france\/montreuil_93048\/coupe-de-france-ici-on-est-solidaires-le-montreuil-fc-fier-porte-drapeau-amateur-de-sa-ville_63587961.html\" target=\"_blank\" rel=\"noopener\"><strong>Coupe de France. \u00ab\u00a0Ici, on est solidaires\u00a0\u00bb : le Montreuil FC, fier porte-drapeau amateur de sa ville<\/strong><\/a><br \/>Petit poucet francilien, le Montreuil FC dispute son premier 32e de finale de Coupe de France, dimanche 21 d\u00e9cembre. Portrait d\u2019un club qui fabrique du lien social.<\/p>\n<p class=\" wall-content\"><strong>Seine-et-Marne. <\/strong><a title=\"Lire l&#039;article\" href=\"https:\/\/actu.fr\/ile-de-france\/nangis_77327\/seine-et-marne-impensable-daccepter-la-mort-apres-trois-cancers-elle-marche-1-800-km-jusqua-compostelle_63607148.html\" target=\"_blank\" rel=\"noopener\"><strong>Seine-et-Marne.\u00abImpensable d\u2019accepter la mort\u00bb: apr\u00e8s trois cancers, elle marche 1 800 km jusqu\u2019\u00e0 Compostelle!<\/strong><\/a><br \/>En octobre\u00a02025, Tania, habitante de Nangis, a boucl\u00e9 le p\u00e8lerinage de Compostelle avec la force de celle qui a vaincu trois cancers. Un p\u00e9riple de 1\u2009800\u00a0km pour redonner espoir.<\/p>\n<p>Votre r\u00e9gion, votre actu !<\/p>\n<p>Recevez chaque jour les infos qui comptent pour vous.<\/p>\n<p>\t<a href=\"https:\/\/actu.fr\/newsletter\" class=\"ac-btn ac-btn--corner ac-btn--medium ac-btn--blue800\" target=\"_blank\" rel=\"noopener\">S&rsquo;incrire<\/a><\/p>\n<p class=\" wall-content\"><strong>Val-d\u2019Oise. <\/strong><a title=\"Lire l&#039;article\" href=\"https:\/\/actu.fr\/ile-de-france\/argenteuil_95018\/val-d-oise-un-jeune-homme-mortellement-poignarde-sa-compagne-de-19-ans-en-garde-a-vue_63606264.html\" target=\"_blank\" rel=\"noopener\"><strong>Val-d\u2019Oise : un jeune homme mortellement poignard\u00e9, sa compagne de 19 ans en garde \u00e0 vue<\/strong><\/a><br \/>Vendredi 19 d\u00e9cembre 2025, un jeune homme de 21 ans a \u00e9t\u00e9 tu\u00e9 \u00e0 l\u2019arme blanche \u00e0 Argenteuil. Si l\u2019auteur du meurtre a pris la fuite, la compagne de la victime a \u00e9t\u00e9 interpell\u00e9e.<\/p>\n<p class=\" wall-content\"><strong>Essonne. <\/strong><a title=\"Lire l&#039;article\" href=\"https:\/\/actu.fr\/ile-de-france\/mennecy_91386\/essonne-arbres-fruitiers-plantes-vivaces-cette-ville-s-offre-un-poumon-vert-avec-sa-micro-foret-urbaine_63603960.html\" target=\"_blank\" rel=\"noopener\"><strong>Essonne : arbres fruitiers, plantes vivaces\u2026 cette ville s\u2019offre un poumon vert avec sa micro-for\u00eat urbaine<\/strong><\/a><br \/>La ville de Mennecy a am\u00e9nag\u00e9 une micro-for\u00eat urbaine de 3 870 m\u00b2 \u00e0 l\u2019entr\u00e9e de la commune, le long de la RD 191. Plus de 800 arbres et arbustes y ont \u00e9t\u00e9 plant\u00e9s.<\/p>\n<p class=\" wall-content\"><strong>Suivez-nous pour en savoir plus !<\/strong><\/p>\n<p class=\" wall-content\">Paris : retrouvez actu Paris sur Facebook et Twitter ;<br \/>Seine-et-Marne : retrouvez\u00a0La R\u00e9publique de Seine-et-Marne\u00a0(sud) sur\u00a0Facebook\u00a0et\u00a0Twitter\u00a0;\u00a0La Marne\u00a0(nord) sur\u00a0Facebook\u00a0et\u00a0Twitter\u00a0; et\u00a0Le Pays Briard\u00a0sur\u00a0Facebook\u00a0et\u00a0Twitter\u00a0;<br \/>Yvelines : retrouvez\u00a078actu\u00a0sur\u00a0Facebook\u00a0et\u00a0Twitter\u00a0;<br \/>Essonne : retrouvez\u00a0actu Essonne\u00a0sur\u00a0Facebook\u00a0et\u00a0Twitter\u00a0;<br \/>Hauts-de-Seine : retrouvez\u00a0actu Hauts-de-Seine\u00a0sur\u00a0Facebook\u00a0et\u00a0Twitter\u00a0;<br \/>Seine-Saint-Denis : retrouvez\u00a0actu Seine-Saint-Denis\u00a0sur\u00a0Facebook\u00a0et\u00a0Twitter\u00a0;<br \/>Val-de-Marne : retrouvez\u00a0actu Val-de-Marne\u00a0sur\u00a0Facebook\u00a0et\u00a0Twitter\u00a0;<br \/>Val-d\u2019Oise : retrouvez\u00a0La Gazette du Val-d\u2019Oise\u00a0sur\u00a0Facebook.<\/p>\n<p class=\" wall-content\">Personnalisez votre actualit\u00e9 en ajoutant vos villes et m\u00e9dias en favori avec <a href=\"https:\/\/moncompte.actu.fr\" title=\"D\u00e9couvez Mon Actu\" rel=\"nofollow noopener\" data-trk=\"{&quot;cta&quot;:{&quot;action&quot;:&quot;https:\\\/\\\/moncompte.actu.fr&quot;,&quot;category&quot;:&quot;mon compte&quot;,&quot;from&quot;:&quot;article footer&quot;,&quot;name&quot;:&quot;Mon actu&quot;,&quot;type&quot;:&quot;cta&quot;}}\" target=\"_blank\">Mon Actu<\/a>.<\/p>\n","protected":false},"excerpt":{"rendered":"Par R\u00e9daction Paris Publi\u00e9 le 21 d\u00e9c. 2025 \u00e0 18h02 Un tragique accident. Un homme et une femme&hellip;\n","protected":false},"author":2,"featured_media":614241,"comment_status":"","ping_status":"","sticky":false,"template":"","format":"standard","meta":{"footnotes":""},"categories":[1592],"tags":[1111,11,659,4753,1777,674,1011,27,662,5353,12,626,25,104],"class_list":{"0":"post-614240","1":"post","2":"type-post","3":"status-publish","4":"format-standard","5":"has-post-thumbnail","7":"category-ile-de-france","8":"tag-actu","9":"tag-actualites","10":"tag-aeroport-dorly","11":"tag-bhv","12":"tag-eu","13":"tag-europe","14":"tag-fr","15":"tag-france","16":"tag-ile-de-france","17":"tag-la-seine","18":"tag-news","19":"tag-paris","20":"tag-republique-francaise","21":"tag-societe"},"share_on_mastodon":{"url":"https:\/\/pubeurope.com\/@fr\/115758878274922903","error":""},"_links":{"self":[{"href":"https:\/\/www.europesays.com\/fr\/wp-json\/wp\/v2\/posts\/614240","targetHints":{"allow":["GET"]}}],"collection":[{"href":"https:\/\/www.europesays.com\/fr\/wp-json\/wp\/v2\/posts"}],"about":[{"href":"https:\/\/www.europesays.com\/fr\/wp-json\/wp\/v2\/types\/post"}],"author":[{"embeddable":true,"href":"https:\/\/www.europesays.com\/fr\/wp-json\/wp\/v2\/users\/2"}],"replies":[{"embeddable":true,"href":"https:\/\/www.europesays.com\/fr\/wp-json\/wp\/v2\/comments?post=614240"}],"version-history":[{"count":0,"href":"https:\/\/www.europesays.com\/fr\/wp-json\/wp\/v2\/posts\/614240\/revisions"}],"wp:featuredmedia":[{"embeddable":true,"href":"https:\/\/www.europesays.com\/fr\/wp-json\/wp\/v2\/media\/614241"}],"wp:attachment":[{"href":"https:\/\/www.europesays.com\/fr\/wp-json\/wp\/v2\/media?parent=614240"}],"wp:term":[{"taxonomy":"category","embeddable":true,"href":"https:\/\/www.europesays.com\/fr\/wp-json\/wp\/v2\/categories?post=614240"},{"taxonomy":"post_tag","embeddable":true,"href":"https:\/\/www.europesays.com\/fr\/wp-json\/wp\/v2\/tags?post=614240"}],"curies":[{"name":"wp","href":"https:\/\/api.w.org\/{rel}","templated":true}]}}