{"id":614244,"date":"2025-12-21T18:05:14","date_gmt":"2025-12-21T18:05:14","guid":{"rendered":"https:\/\/www.europesays.com\/fr\/614244\/"},"modified":"2025-12-21T18:05:14","modified_gmt":"2025-12-21T18:05:14","slug":"une-femme-cambriolee-sous-la-menace-dune-arme-a-feu-le-prejudice-estime-a-100-000-euros","status":"publish","type":"post","link":"https:\/\/www.europesays.com\/fr\/614244\/","title":{"rendered":"une femme cambriol\u00e9e sous la menace d\u2019une arme \u00e0 feu, le pr\u00e9judice estim\u00e9 \u00e0 100.000 euros"},"content":{"rendered":"<p>\n    Les faits ont eu lieu samedi apr\u00e8s-midi boulevard Haussmann, dans le 8e arrondissement. Une enqu\u00eate a \u00e9t\u00e9 confi\u00e9e \u00e0 la police judiciaire.<\/p>\n<p class=\"fig-paragraph\"><a href=\"http:\/\/www.lefigaro.fr\/faits-divers\/un-cambrioleur-en-serie-interpelle-apres-avoir-frappe-au-moins-69-fois-surtout-dans-les-hauts-de-seine-20251216\" target=\"_blank\" data-fig-type=\"NewsFlash\" rel=\"noopener\" data-gtm-custom-categorie=\"navigation\" data-gtm-custom-action=\"crossclick\" data-gtm-custom-label=\"Contextuel\" data-gtm-event=\"customEventSPE\" data-fig-domain=\"LEFIGARO\">Un cambriolage<\/a>\u00a0en plein apr\u00e8s-midi sous la menace d\u2019une arme \u00e0 feu. Une femme a \u00e9t\u00e9 violemment agress\u00e9e \u00e0 son domicile samedi peu apr\u00e8s 14h boulevard Haussmann (Paris 8e), \u00e0 mi-chemin entre la gare Saint-Lazare et l\u2019Arc de Triomphe, a appris Le Figaro de source polici\u00e8re.<\/p>\n<p class=\"fig-paragraph\">L\u2019occupante de l\u2019appartement a ouvert la porte \u00e0 deux individus qui ont soudainement dissimul\u00e9 leur visage avec une cagoule et se sont pr\u00e9cipit\u00e9s \u00e0 l\u2019int\u00e9rieur. La victime a \u00e9t\u00e9 menac\u00e9e avec une arme \u00e0 feu et frapp\u00e9e au visage \u00e0 plusieurs reprises pour la forcer \u00e0 ouvrir un coffre-fort, selon une source polici\u00e8re.<\/p>\n<p>                                            <a class=\"fig-a11y-skip\" href=\"#fig-a11y-skip-main-inarticle\" data-module=\"a11y-skip\" data-context=\"was @visible\"><br \/>\n    Passer la publicit\u00e9<br \/>\n<\/a>            <\/p>\n<p class=\"fig-paragraph\">Les cambrioleurs ont pris la fuite avec des montres de luxe, des sacs \u00e0 main et des bijoux pour un montant estim\u00e9 \u00e0 environ 100.000 euros. Tr\u00e8s choqu\u00e9e et l\u00e9g\u00e8rement bless\u00e9e, la victime a \u00e9t\u00e9 prise en charge par les sapeurs-pompiers. \u00abUne enqu\u00eate pour extorsion avec arme et violences aggrav\u00e9es a \u00e9t\u00e9 confi\u00e9e au 1er district de police judiciaire (1er DPJ). Les investigations sont en cours\u00bb, confirme le parquet de Paris au Figaro.<\/p>\n","protected":false},"excerpt":{"rendered":"Les faits ont eu lieu samedi apr\u00e8s-midi boulevard Haussmann, dans le 8e arrondissement. Une enqu\u00eate a \u00e9t\u00e9 confi\u00e9e&hellip;\n","protected":false},"author":2,"featured_media":614245,"comment_status":"","ping_status":"","sticky":false,"template":"","format":"standard","meta":{"footnotes":""},"categories":[1888],"tags":[1111,1928,11,1927,5141,1174,1777,674,1011,27,12,1926,626,1925,25],"class_list":{"0":"post-614244","1":"post","2":"type-post","3":"status-publish","4":"format-standard","5":"has-post-thumbnail","7":"category-paris","8":"tag-actu","9":"tag-actu-paris","10":"tag-actualites","11":"tag-actualites-paris","12":"tag-arme-a-feu","13":"tag-cambriolage","14":"tag-eu","15":"tag-europe","16":"tag-fr","17":"tag-france","18":"tag-news","19":"tag-news-paris","20":"tag-paris","21":"tag-paris-news","22":"tag-republique-francaise"},"share_on_mastodon":{"url":"https:\/\/pubeurope.com\/@fr\/115758886194176134","error":""},"_links":{"self":[{"href":"https:\/\/www.europesays.com\/fr\/wp-json\/wp\/v2\/posts\/614244","targetHints":{"allow":["GET"]}}],"collection":[{"href":"https:\/\/www.europesays.com\/fr\/wp-json\/wp\/v2\/posts"}],"about":[{"href":"https:\/\/www.europesays.com\/fr\/wp-json\/wp\/v2\/types\/post"}],"author":[{"embeddable":true,"href":"https:\/\/www.europesays.com\/fr\/wp-json\/wp\/v2\/users\/2"}],"replies":[{"embeddable":true,"href":"https:\/\/www.europesays.com\/fr\/wp-json\/wp\/v2\/comments?post=614244"}],"version-history":[{"count":0,"href":"https:\/\/www.europesays.com\/fr\/wp-json\/wp\/v2\/posts\/614244\/revisions"}],"wp:featuredmedia":[{"embeddable":true,"href":"https:\/\/www.europesays.com\/fr\/wp-json\/wp\/v2\/media\/614245"}],"wp:attachment":[{"href":"https:\/\/www.europesays.com\/fr\/wp-json\/wp\/v2\/media?parent=614244"}],"wp:term":[{"taxonomy":"category","embeddable":true,"href":"https:\/\/www.europesays.com\/fr\/wp-json\/wp\/v2\/categories?post=614244"},{"taxonomy":"post_tag","embeddable":true,"href":"https:\/\/www.europesays.com\/fr\/wp-json\/wp\/v2\/tags?post=614244"}],"curies":[{"name":"wp","href":"https:\/\/api.w.org\/{rel}","templated":true}]}}