{"id":614250,"date":"2025-12-21T18:08:30","date_gmt":"2025-12-21T18:08:30","guid":{"rendered":"https:\/\/www.europesays.com\/fr\/614250\/"},"modified":"2025-12-21T18:08:30","modified_gmt":"2025-12-21T18:08:30","slug":"nous-aviserons-dans-les-prochains-jours-la-france-reagit-a-la-declaration-de-la-russie-concernant-un-dialogue-entre-les-deux-presidents","status":"publish","type":"post","link":"https:\/\/www.europesays.com\/fr\/614250\/","title":{"rendered":"\u00ab\u00a0Nous aviserons dans les prochains jours\u00a0\u00bb\u00a0: la France r\u00e9agit \u00e0 la d\u00e9claration de la Russie concernant un dialogue entre les deux pr\u00e9sidents"},"content":{"rendered":"<p>\n                                                                Dmitri Peskov a d\u00e9clar\u00e9, dans la nuit du 20 au 21\u00a0d\u00e9cembre 2025, que Vladimir Poutine \u00e9tait \u00ab\u00a0pr\u00eat \u00e0 engager le dialogue avec Emmanuel Macron\u00a0\u00bb. L\u2019Elys\u00e9e a r\u00e9agi.\n                            <\/p>\n<p>\u00ab\u00a0<strong>Vladimir Poutine<\/strong> a \u00e9galement exprim\u00e9 le fait qu\u2019il \u00e9tait<strong> pr\u00eat \u00e0 engager le dialogue avec Emmanuel Macron<\/strong>\u00a0\u00bb\u00a0: <a href=\"https:\/\/www.centrepresseaveyron.fr\/2025\/12\/21\/il-est-pret-a-engager-le-dialogue-avec-emmanuel-macron-vladimir-poutine-et-le-president-francais-vont-ils-bientot-reprendre-contact-13124154.php\" target=\"_self\" rel=\"noopener\">par ces mots, Dmitri Peskov, le porte-parole du Kremlin<\/a>, a ouvert la voie \u00e0 un \u00e9change entre les pr\u00e9sidents russe et fran\u00e7ais, dans la nuit du<strong> 20 au 21\u00a0d\u00e9cembre 2025<\/strong>. L\u2019Elys\u00e9e a r\u00e9agi.<\/p>\n<p>\u00ab\u00a0Nous aviserons dans les prochains jours\u00a0\u00bb<\/p>\n<p>La France juge \u00ab\u00a0<strong>bienvenu que le Kremlin donne un accord public<\/strong>\u00a0\u00bb \u00e0 la d\u00e9marche \u00e9voqu\u00e9e par Emmanuel \u2060Macron d\u2019un possible dialogue avec Vladimir Poutine, a d\u00e9clar\u00e9 dimanche l\u2019Elys\u00e9e. \u00ab\u00a0<strong>Nous aviserons dans les prochains jours<\/strong> sur la meilleure mani\u00e8re<strong> de \u200dproc\u00e9der<\/strong>\u00a0\u00bb au sujet de cet \u00e9ventuel dialogue, a ajout\u00e9 la pr\u00e9sidence de la R\u00e9publique.<\/p>\n<p>Celle-ci n\u2019a pas manqu\u00e9 de souligner que les \u00e9changes avec Moscou <strong>se feraient \u00ab\u00a0en toute transparence\u00a0\u00bb <\/strong>avec Volodymyr Zelensky et les Europ\u00e9ens. Et \u00e0 l\u2019Elys\u00e9e de rappeler son objectif\u00a0: obtenir une<strong> \u00ab\u00a0paix solide et durable\u00a0\u00bb<\/strong> pour l\u2019Ukraine.<\/p>\n<p>\u00ab\u00a0Redevenir utile\u00a0\u00bb<\/p>\n<p>Lors d\u2019une conf\u00e9rence de presse \u200bdans la nuit de jeudi \u00e0 vendredi \u00e0 l\u2019issue d\u2019un sommet europ\u00e9en \u00e0 Bruxelles, Emmanuel Macron a d\u00e9clar\u00e9 qu\u2019il allait \u00ab\u00a0<strong>redevenir utile de parler \u00e0 Vladimir Poutine<\/strong>\u00a0\u00bb dans le cadre \u200ddes efforts pour \u2060mettre fin \u00e0 la guerre \u2060d\u00e9clench\u00e9e par l\u2019invasion \u00e0 grande \u00e9chelle de l\u2019Ukraine par la Russie <strong>en f\u00e9vrier\u00a02022.<\/strong><\/p>\n<p>\u00ab\u00a0Je constate qu\u2019il y a des gens qui parlent \u00e0 Vladimir Poutine. Donc je pense que nous, Europ\u00e9ens \u200det Ukrainiens, \u200don a <strong>int\u00e9r\u00eat \u00e0 trouver le \u200bcadre pour r\u00e9engager cette discussion<\/strong> en bonne et due \u2060forme. Sinon, on \u200bdiscute \u200centre nous avec des n\u00e9gociateurs qui vont seuls discuter avec les Russes. <strong>Ce n\u2019est pas \u200doptimal<\/strong>\u00ab\u00a0, avait ajout\u00e9 le pr\u00e9sident fran\u00e7ais.<\/p>\n<p>Le Kremlin a d\u00e9clar\u00e9 dimanche que le pr\u00e9sident russe <strong>\u00e9tait pr\u00eat \u00e0 des discussions<\/strong> avec son homologue fran\u00e7ais. \u00ab\u00a0S\u2019il y a une volont\u00e9 politique commune, alors cela ne peut \u00eatre consid\u00e9r\u00e9<strong> que positivement\u00a0\u00bb<\/strong>, a dit son porte-parole, Dmitri \u2060Peskov, \u200ccit\u00e9 par l\u2019agence de presse RIA.<\/p>\n<p>Dernier \u00e9change en juillet<\/p>\n<p><a href=\"https:\/\/www.bfmtv.com\/politique\/elysee\/guerre-en-ukraine-l-elysee-juge-bienvenu-que-vladimir-poutine-soit-pret-a-parler-a-emmanuel-macron-et-avisera-dans-les-prochains-jours-selon-quelles-modalites_AD-202512210134.html\" target=\"_self\" rel=\"noopener\">Comme le rappelle BFM TV<\/a>, l\u2019ultime discussion entre Vladimir Poutine et Emmanuel Macron <strong>remonte au 1er\u00a0juillet 2025<\/strong>\u00a0: il s\u2019agissait alors de leurs premiers \u00e9changes <strong>depuis 2022 <\/strong>et l\u2019invasion russe en Ukraine. Mais la situation n\u2019avait pas \u00e9volu\u00e9 suite au dialogue entre les deux dirigeants, dont les positions \u00e9taient <strong>nettement divergentes<\/strong> concernant le conflit ukrainien.<\/p>\n","protected":false},"excerpt":{"rendered":"Dmitri Peskov a d\u00e9clar\u00e9, dans la nuit du 20 au 21\u00a0d\u00e9cembre 2025, que Vladimir Poutine \u00e9tait \u00ab\u00a0pr\u00eat \u00e0&hellip;\n","protected":false},"author":2,"featured_media":614251,"comment_status":"","ping_status":"","sticky":false,"template":"","format":"standard","meta":{"footnotes":""},"categories":[1591],"tags":[1111,11,1887,14,12,1885,1886,132],"class_list":{"0":"post-614250","1":"post","2":"type-post","3":"status-publish","4":"format-standard","5":"has-post-thumbnail","7":"category-russie","8":"tag-actu","9":"tag-actualites","10":"tag-federation-de-russie","11":"tag-international","12":"tag-news","13":"tag-russia","14":"tag-russian-federation","15":"tag-russie"},"share_on_mastodon":{"url":"https:\/\/pubeurope.com\/@fr\/115758897812119995","error":""},"_links":{"self":[{"href":"https:\/\/www.europesays.com\/fr\/wp-json\/wp\/v2\/posts\/614250","targetHints":{"allow":["GET"]}}],"collection":[{"href":"https:\/\/www.europesays.com\/fr\/wp-json\/wp\/v2\/posts"}],"about":[{"href":"https:\/\/www.europesays.com\/fr\/wp-json\/wp\/v2\/types\/post"}],"author":[{"embeddable":true,"href":"https:\/\/www.europesays.com\/fr\/wp-json\/wp\/v2\/users\/2"}],"replies":[{"embeddable":true,"href":"https:\/\/www.europesays.com\/fr\/wp-json\/wp\/v2\/comments?post=614250"}],"version-history":[{"count":0,"href":"https:\/\/www.europesays.com\/fr\/wp-json\/wp\/v2\/posts\/614250\/revisions"}],"wp:featuredmedia":[{"embeddable":true,"href":"https:\/\/www.europesays.com\/fr\/wp-json\/wp\/v2\/media\/614251"}],"wp:attachment":[{"href":"https:\/\/www.europesays.com\/fr\/wp-json\/wp\/v2\/media?parent=614250"}],"wp:term":[{"taxonomy":"category","embeddable":true,"href":"https:\/\/www.europesays.com\/fr\/wp-json\/wp\/v2\/categories?post=614250"},{"taxonomy":"post_tag","embeddable":true,"href":"https:\/\/www.europesays.com\/fr\/wp-json\/wp\/v2\/tags?post=614250"}],"curies":[{"name":"wp","href":"https:\/\/api.w.org\/{rel}","templated":true}]}}