{"id":614254,"date":"2025-12-21T18:10:23","date_gmt":"2025-12-21T18:10:23","guid":{"rendered":"https:\/\/www.europesays.com\/fr\/614254\/"},"modified":"2025-12-21T18:10:23","modified_gmt":"2025-12-21T18:10:23","slug":"ukraine-reunion-usa-russie-ukraine-pas-a-lordre-du-jour-selon-moscou","status":"publish","type":"post","link":"https:\/\/www.europesays.com\/fr\/614254\/","title":{"rendered":"Ukraine. R\u00e9union USA\/Russie\/Ukraine pas \u00e0 l&rsquo;ordre du jour selon Moscou"},"content":{"rendered":"<p class=\"paragraph-1-base\">Le pr\u00e9sident ukrainien Volodymyr Zelensky avait affirm\u00e9 samedi que Washington avait propos\u00e9 d&rsquo;organiser une rencontre trilat\u00e9rale, citant Roustem Oumerov, l&rsquo;un des n\u00e9gociateurs-cl\u00e9 de Kiev qui s&rsquo;est rendu vendredi \u00e0 Miami.<\/p>\n<p class=\"paragraph-1-base\">Cette ville de Floride abrite les pourparlers men\u00e9s par Steve Witkoff, le promoteur immobilier envoy\u00e9 sp\u00e9cial de Donald Trump, et Jared Kushner, le gendre du pr\u00e9sident am\u00e9ricain, avec les envoy\u00e9s ukrainiens et europ\u00e9ens d&rsquo;une part, et l&rsquo;\u00e9missaire russe Kirill Dmitriev, arriv\u00e9 samedi, d&rsquo;autre part.<\/p>\n<p>\u00ab\u00a0Discussions constructives\u00a0\u00bb<\/p>\n<p class=\"paragraph-1-base\">M. Dmitriev a affirm\u00e9 que \u00ab\u00a0les discussions se d\u00e9roulent de mani\u00e8re constructive\u00a0\u00bb avec MM. Witkoff et Kushner, et continueront dimanche, selon les agences de presse russe.<\/p>\n<p class=\"paragraph-1-base\">Si une table ronde r\u00e9unissant toutes ces parties n&rsquo;\u00e9tait pas initialement pr\u00e9vue, le pr\u00e9sident ukrainien a \u00e9voqu\u00e9 samedi la possibilit\u00e9 de n\u00e9gociations directes entre l&rsquo;Ukraine et la Russie, propos\u00e9es selon lui par les \u00c9tats-Unis. Il s&rsquo;agirait d&rsquo;une premi\u00e8re depuis six mois.<\/p>\n<p class=\"paragraph-1-base\">Il a cependant ajout\u00e9 qu&rsquo;il n&rsquo;\u00e9tait \u00ab\u00a0pas s\u00fbr que quoi que ce soit de nouveau n&rsquo;en \u00e9merge\u00a0\u00bb, alors que de pr\u00e9c\u00e9dentes rencontres en Turquie cet \u00e9t\u00e9 n&rsquo;avaient abouti qu&rsquo;\u00e0 des \u00e9changes de prisonniers.<\/p>\n<p class=\"paragraph-1-base\">L&rsquo;inclusion directe des Europ\u00e9ens constitue une nouveaut\u00e9 par rapport aux pr\u00e9c\u00e9dentes r\u00e9unions qui avaient eu lieu r\u00e9cemment entre Ukrainiens et Am\u00e9ricains \u00e0 Gen\u00e8ve, Miami et Berlin.<\/p>\n<p>Accentuer la pression sur Moscou<\/p>\n<p class=\"paragraph-1-base\">Samedi, M. Zelensky avait appel\u00e9 Washington \u00e0 accentuer la pression sur la Russie. \u00ab\u00a0Les \u00c9tats-Unis doivent dire clairement: s&rsquo;il n&rsquo;y a pas de voie diplomatique, alors il y aura une pression totale\u00a0\u00bb, a-t-il d\u00e9clar\u00e9 \u00e0 la presse \u00e0 Kiev.<\/p>\n<p class=\"paragraph-1-base\">Vladimir \u00ab\u00a0Poutine ne sent pas encore le genre de pression qui devrait \u00eatre mise en oeuvre\u00a0\u00bb, a-t-il poursuivi, jugeant que seuls les Am\u00e9ricains \u00e9taient capables de persuader la Russie d&rsquo;arr\u00eater le conflit en Ukraine, qui dure depuis pr\u00e8s de quatre ans.<\/p>\n<p class=\"paragraph-1-base\">\u00ab\u00a0Je pense que les \u00c9tats-Unis et le pr\u00e9sident Trump ont cette force. Et je pense que nous ne devrions pas chercher d&rsquo;alternatives aux \u00c9tats-Unis\u00a0\u00bb, a martel\u00e9 M. Zelensky.<\/p>\n<p class=\"paragraph-1-base\">Dimanche, la pr\u00e9sidence fran\u00e7aise a salu\u00e9 les propos de Vladimir Poutine, qui s&rsquo;est dit \u00ab\u00a0pr\u00eat au dialogue\u00a0\u00bb avec son homologue fran\u00e7ais Emmanuel Macron, selon le porte-parole du Kremlin, Dmitri Peskov, cit\u00e9 par l&rsquo;agence russe RIA Novosti.<\/p>\n<p class=\"paragraph-1-base\">\u00ab\u00a0Il est bienvenu que le Kremlin donne un accord public \u00e0 cette d\u00e9marche. Nous aviserons dans les prochains jours sur la meilleure mani\u00e8re de proc\u00e9der\u00a0\u00bb, a estim\u00e9 l&rsquo;\u00c9lys\u00e9e.<\/p>\n<p class=\"paragraph-1-base\">Les pourparlers pour mettre fin au conflit se sont acc\u00e9l\u00e9r\u00e9s ces derni\u00e8res semaines.<\/p>\n<p class=\"paragraph-1-base\">Volodymyr Zelensky a \u00e0 cet \u00e9gard mentionn\u00e9 des \u00ab\u00a0progr\u00e8s\u00a0\u00bb dans les discussions entre Kiev et Washington sur le plan propos\u00e9 il y a plus d&rsquo;un mois par les \u00c9tats-Unis. Ce texte initial, per\u00e7u comme \u00e9tant largement favorable au Kremlin, a depuis \u00e9t\u00e9 remani\u00e9 \u00e0 la suite de consultations avec les Ukrainiens.<\/p>\n<p class=\"paragraph-1-base\">Les d\u00e9tails de la nouvelle mouture ne sont pas connus mais, selon le pr\u00e9sident ukrainien, elle implique des concessions territoriales de la part de l&rsquo;Ukraine en \u00e9change de garanties de s\u00e9curit\u00e9 occidentales.<\/p>\n<p class=\"paragraph-1-base\">Le chef de la diplomatie am\u00e9ricaine Marco Rubio a promis qu&rsquo;aucun accord ne serait impos\u00e9 aux Ukrainiens ni aux Russes.<\/p>\n<p>La Russie continue de bombarder<\/p>\n<p class=\"paragraph-1-base\">Tandis que les tractations diplomatiques se poursuivent, l&rsquo;arm\u00e9e russe continue de frapper l&rsquo;Ukraine, o\u00f9 elle a provoqu\u00e9 samedi un important incendie dans le plus grand terminal d&rsquo;huile v\u00e9g\u00e9tale du pays, \u00e0 Odessa, faisant un mort.<\/p>\n<p class=\"paragraph-1-base\">\u00ab\u00a0Au cours de la semaine derni\u00e8re, la Russie a lanc\u00e9 environ 1300 drones d&rsquo;attaque, pr\u00e8s de 1200 bombes a\u00e9riennes guid\u00e9es et 9 missiles de diff\u00e9rents types contre l&rsquo;Ukraine\u00a0\u00bb, la r\u00e9gion d&rsquo;Odessa et le sud du pays ayant \u00e9t\u00e9 \u00ab\u00a0particuli\u00e8rement touch\u00e9s\u00a0\u00bb, a pr\u00e9cis\u00e9 dimanche sur X Volodymyr Zelensky.<\/p>\n<p class=\"paragraph-1-base after:text-primary after:heading-2-xl after:relative after:top-[2px] after:pl-1 after:!leading-[18px] after:text-primary-300 after:content-[&quot;\u00bb&quot;] dark:after:text-primary-300\">Samedi, Moscou a affirm\u00e9 avoir pris deux villages dans les r\u00e9gions de Soumy (nord) et Donetsk (est). L&rsquo;Ukraine a quant \u00e0 elle fait \u00e9tat de la destruction de deux avions de combat russes sur un a\u00e9rodrome situ\u00e9 dans la p\u00e9ninsule de Crim\u00e9e occup\u00e9e.<\/p>\n","protected":false},"excerpt":{"rendered":"Le pr\u00e9sident ukrainien Volodymyr Zelensky avait affirm\u00e9 samedi que Washington avait propos\u00e9 d&rsquo;organiser une rencontre trilat\u00e9rale, citant Roustem&hellip;\n","protected":false},"author":2,"featured_media":614255,"comment_status":"","ping_status":"","sticky":false,"template":"","format":"standard","meta":{"footnotes":""},"categories":[1589],"tags":[11,1813,312,73,1866,10868,1116,1310,15498,20625,18,12,4565,4048,132,656,220,1864,1865,1863,308,6746],"class_list":{"0":"post-614254","1":"post","2":"type-post","3":"status-publish","4":"format-standard","5":"has-post-thumbnail","7":"category-etats-unis","8":"tag-actualites","9":"tag-armee","10":"tag-diplomatie","11":"tag-etats-unis","12":"tag-etats-unis-damerique","13":"tag-geneve","14":"tag-immobilier","15":"tag-incendie","16":"tag-inclusion","17":"tag-initiative","18":"tag-mort","19":"tag-news","20":"tag-nouveau","21":"tag-presse","22":"tag-russie","23":"tag-securite","24":"tag-ukraine","25":"tag-united-states","26":"tag-united-states-of-america","27":"tag-us","28":"tag-usa","29":"tag-zelensky"},"share_on_mastodon":{"url":"https:\/\/pubeurope.com\/@fr\/115758905763916541","error":""},"_links":{"self":[{"href":"https:\/\/www.europesays.com\/fr\/wp-json\/wp\/v2\/posts\/614254","targetHints":{"allow":["GET"]}}],"collection":[{"href":"https:\/\/www.europesays.com\/fr\/wp-json\/wp\/v2\/posts"}],"about":[{"href":"https:\/\/www.europesays.com\/fr\/wp-json\/wp\/v2\/types\/post"}],"author":[{"embeddable":true,"href":"https:\/\/www.europesays.com\/fr\/wp-json\/wp\/v2\/users\/2"}],"replies":[{"embeddable":true,"href":"https:\/\/www.europesays.com\/fr\/wp-json\/wp\/v2\/comments?post=614254"}],"version-history":[{"count":0,"href":"https:\/\/www.europesays.com\/fr\/wp-json\/wp\/v2\/posts\/614254\/revisions"}],"wp:featuredmedia":[{"embeddable":true,"href":"https:\/\/www.europesays.com\/fr\/wp-json\/wp\/v2\/media\/614255"}],"wp:attachment":[{"href":"https:\/\/www.europesays.com\/fr\/wp-json\/wp\/v2\/media?parent=614254"}],"wp:term":[{"taxonomy":"category","embeddable":true,"href":"https:\/\/www.europesays.com\/fr\/wp-json\/wp\/v2\/categories?post=614254"},{"taxonomy":"post_tag","embeddable":true,"href":"https:\/\/www.europesays.com\/fr\/wp-json\/wp\/v2\/tags?post=614254"}],"curies":[{"name":"wp","href":"https:\/\/api.w.org\/{rel}","templated":true}]}}