{"id":614262,"date":"2025-12-21T18:14:13","date_gmt":"2025-12-21T18:14:13","guid":{"rendered":"https:\/\/www.europesays.com\/fr\/614262\/"},"modified":"2025-12-21T18:14:13","modified_gmt":"2025-12-21T18:14:13","slug":"ludc-vole-au-secours-de-jacques-baud-ancien-espion-suisse-sanctionne-par-lunion-europeenne","status":"publish","type":"post","link":"https:\/\/www.europesays.com\/fr\/614262\/","title":{"rendered":"L\u2019UDC vole au secours de Jacques Baud, ancien espion suisse sanctionn\u00e9 par l\u2019Union europ\u00e9enne"},"content":{"rendered":"<p>    R\u00e9sum\u00e9 en 20 secondes<\/p>\n<p>        En savoir plus sur ce type de contenu<\/p>\n<p>Ce r\u00e9sum\u00e9 peut avoir \u00e9t\u00e9 \u00e9crit avec l&rsquo;assistance d\u2019une IA g\u00e9n\u00e9rative. <a href=\"https:\/\/www.letemps.ch\/cyber\/l-usage-de-l-ia-generative-par-les-journalistes-du-temps\" target=\"_blank\" rel=\"noopener\">En savoir plus<\/a><\/p>\n<p class=\"article__abstract-call-to-action\" data-ariato=\"TrackableElement\" data-trackable-element-type=\"article_abstract_cta\" data-trackable-element-location=\"article_header\" data-trackable-element-id=\"516001\">\n        <a data-event=\"click-&gt;clicked\" href=\"https:\/\/www.letemps.ch\/abonnements\" target=\"_blank\" rel=\"noopener\">Abonnez-vous<\/a> pour acc\u00e9der au r\u00e9sum\u00e9 en 20 secondes.\n      <\/p>\n<p>Pour le conseiller national Jean-Luc Addor (UDC\/VS), \u00abC\u2019est une d\u00e9rive inqui\u00e9tante et autoritaire, qui bafoue tous les droits fondamentaux, \u00e0 commencer par la libert\u00e9 d\u2019expression\u00bb. Cette semaine, il a d\u00e9pos\u00e9 <a href=\"https:\/\/www.parlament.ch\/fr\/ratsbetrieb\/suche-curia-vista\/geschaeft?AffairId=20254572\" rel=\"nofollow noopener\" target=\"_blank\">une interpellation<\/a> dans laquelle il pose 11 questions au Conseil f\u00e9d\u00e9ral au sujet des sanctions europ\u00e9ennes contre le Suisse Jacques Baud, ancien agent du renseignement accus\u00e9 de servir la propagande pro-russe. Membre de la commission de s\u00e9curit\u00e9, le Valaisan demande notamment si le gouvernement entend s\u2019assurer de la v\u00e9racit\u00e9 des accusations et s\u2019il proposera ses services consulaires \u00e0 l\u2019ancien colonel. Contact\u00e9, il insiste: \u00abFace \u00e0 la v\u00e9rit\u00e9 d\u2019Etat, et au m\u00e9pris de toutes les r\u00e8gles de proc\u00e9dure, Jacques Baud n\u2019a m\u00eame pas pu se d\u00e9fendre. Pourtant nous ne parlons pas de faits mais d\u2019opinions.\u00bb Ces derniers jours, le d\u00e9put\u00e9 UDC lucernois Franz Gr\u00fcter a lui aussi d\u00e9pos\u00e9 une intervention sur le sujet.<\/p>\n<p>Le lundi 15\u00a0d\u00e9cembre, \u00e0 l\u2019unanimit\u00e9 de ses membres, l\u2019Union europ\u00e9enne a d\u00e9cid\u00e9 d\u2019ajouter douze personnes \u00e0 la liste des sanctions prononc\u00e9es dans le cadre de la lutte contre les \u00abactivit\u00e9s d\u00e9stabilisatrices\u00bb de la Russie. Parmi elles, figurent surtout des Russes qui travaillent pour le renseignement militaire, mais aussi l\u2019ancien officier fran\u00e7ais Xavier Moreau et l\u2019ancien sh\u00e9rif adjoint de Floride, John Dougan. Leurs avoirs sont gel\u00e9s et ils sont interdits d\u2019entrer dans l\u2019UE. Pour Jacques Baud, ceci pose d\u2019autant plus probl\u00e8me qu\u2019il est domicili\u00e9 \u00e0 Bruxelles. <a href=\"https:\/\/eur-lex.europa.eu\/legal-content\/FR\/TXT\/PDF\/?uri=OJ:L_202502568\" rel=\"nofollow noopener\" target=\"_blank\">Selon le document<\/a>, le Suisse \u00abagit comme porte-parole de la propagande pro-russe et formule des th\u00e9ories du complot\u00bb. Il est ainsi accus\u00e9 de \u00absoutenir des politiques imputables au gouvernement russe qui menacent la s\u00e9curit\u00e9 d\u2019un pays tiers\u00bb, l\u2019Ukraine.<\/p>\n","protected":false},"excerpt":{"rendered":"R\u00e9sum\u00e9 en 20 secondes En savoir plus sur ce type de contenu Ce r\u00e9sum\u00e9 peut avoir \u00e9t\u00e9 \u00e9crit&hellip;\n","protected":false},"author":2,"featured_media":614263,"comment_status":"","ping_status":"","sticky":false,"template":"","format":"standard","meta":{"footnotes":""},"categories":[1586],"tags":[11,1777,674,1779,1011,27,12,301,25,132,656,2582,30924,1778,220,364],"class_list":{"0":"post-614262","1":"post","2":"type-post","3":"status-publish","4":"format-standard","5":"has-post-thumbnail","7":"category-europe","8":"tag-actualites","9":"tag-eu","10":"tag-europe","11":"tag-european-union","12":"tag-fr","13":"tag-france","14":"tag-news","15":"tag-premium","16":"tag-republique-francaise","17":"tag-russie","18":"tag-securite","19":"tag-suisse-ue","20":"tag-udc","21":"tag-ue","22":"tag-ukraine","23":"tag-union-europeenne"},"share_on_mastodon":{"url":"https:\/\/pubeurope.com\/@fr\/115758921514292063","error":""},"_links":{"self":[{"href":"https:\/\/www.europesays.com\/fr\/wp-json\/wp\/v2\/posts\/614262","targetHints":{"allow":["GET"]}}],"collection":[{"href":"https:\/\/www.europesays.com\/fr\/wp-json\/wp\/v2\/posts"}],"about":[{"href":"https:\/\/www.europesays.com\/fr\/wp-json\/wp\/v2\/types\/post"}],"author":[{"embeddable":true,"href":"https:\/\/www.europesays.com\/fr\/wp-json\/wp\/v2\/users\/2"}],"replies":[{"embeddable":true,"href":"https:\/\/www.europesays.com\/fr\/wp-json\/wp\/v2\/comments?post=614262"}],"version-history":[{"count":0,"href":"https:\/\/www.europesays.com\/fr\/wp-json\/wp\/v2\/posts\/614262\/revisions"}],"wp:featuredmedia":[{"embeddable":true,"href":"https:\/\/www.europesays.com\/fr\/wp-json\/wp\/v2\/media\/614263"}],"wp:attachment":[{"href":"https:\/\/www.europesays.com\/fr\/wp-json\/wp\/v2\/media?parent=614262"}],"wp:term":[{"taxonomy":"category","embeddable":true,"href":"https:\/\/www.europesays.com\/fr\/wp-json\/wp\/v2\/categories?post=614262"},{"taxonomy":"post_tag","embeddable":true,"href":"https:\/\/www.europesays.com\/fr\/wp-json\/wp\/v2\/tags?post=614262"}],"curies":[{"name":"wp","href":"https:\/\/api.w.org\/{rel}","templated":true}]}}