{"id":614268,"date":"2025-12-21T18:17:22","date_gmt":"2025-12-21T18:17:22","guid":{"rendered":"https:\/\/www.europesays.com\/fr\/614268\/"},"modified":"2025-12-21T18:17:22","modified_gmt":"2025-12-21T18:17:22","slug":"un-joueur-expulse-apres-13-secondes-de-jeu-luis-fernandez-nen-croit-pas-ses-yeux","status":"publish","type":"post","link":"https:\/\/www.europesays.com\/fr\/614268\/","title":{"rendered":"un joueur expuls\u00e9&#8230; apr\u00e8s 13 secondes de jeu, Luis Fernandez n\u2019en croit pas ses yeux"},"content":{"rendered":"<p>\n    Un joueur de Chauvigny a \u00e9t\u00e9 expuls\u00e9 d\u00e8s la premi\u00e8re minute de jeu face \u00e0 Montreuil en 32es de finale de la comp\u00e9tition.<\/p>\n<p class=\"fig-paragraph\">On parle souvent de la magie de la Coupe de France, une fabrique aux belles histoires mais la comp\u00e9tition a tourn\u00e9 ce dimanche au cauchemar pour Logan Assignon. Apr\u00e8s treize secondes de jeu entre Montreuil RC (R1) et l\u2019US Chauvigny (N3) en 32es de finale, le lat\u00e9ral<a href=\"https:\/\/www.beinsports.com\/fr-fr\/football\/coupe-de-france\/articles-video\/coupe-de-france-chauvigny-prend-un-rouge-apr%C3%A8s-13-secondes-2025-12-21\" target=\"_blank\" rel=\"sponsored noopener\" data-gtm-custom-categorie=\"navigation\" data-gtm-custom-action=\"crossclick\" data-gtm-custom-label=\"Contextuel\" data-gtm-event=\"customEventSPE\">\u00a0a \u00e9cop\u00e9 d\u2019un carton rouge<\/a>\u00a0alors qu\u2019il se trouvait en position de dernier d\u00e9fenseur et que l\u2019attaquant avait, semble-t-il pris le dessus sur lui avant d\u2019\u00eatre d\u00e9stabilis\u00e9 par la main de son vis-\u00e0-vis.<\/p>\n<p class=\"fig-paragraph\">L\u2019arbitre n\u2019a pas h\u00e9sit\u00e9 une seule seconde malgr\u00e9 la protestation du malheureux Logan Assignon qui a laiss\u00e9 ses co\u00e9quipiers terminer la partie \u00e0 dix. \u00abOh no&#8230; non\u00a0! C\u2019est s\u00e9v\u00e8re\u00bb, a jug\u00e9 Luis Fernandez \u00e0 propos du fr\u00e8re de Lorenz Assignon qui \u00e9volue \u00e0 Stuttgart. \u00abIl n\u2019est pas le dernier d\u00e9fenseur\u00bb, a d\u00e9plor\u00e9 l\u2019ancien joueur de l\u2019\u00e9quipe de France ne comprenant pas cette d\u00e9cision. \u00abUn carton jaune aurait \u00e9t\u00e9 amplement m\u00e9rit\u00e9\u00bb, a-t-il conclu.<\/p>\n","protected":false},"excerpt":{"rendered":"Un joueur de Chauvigny a \u00e9t\u00e9 expuls\u00e9 d\u00e8s la premi\u00e8re minute de jeu face \u00e0 Montreuil en 32es&hellip;\n","protected":false},"author":2,"featured_media":614269,"comment_status":"","ping_status":"","sticky":false,"template":"","format":"standard","meta":{"footnotes":""},"categories":[4],"tags":[11,1011,27,4977,12,25],"class_list":{"0":"post-614268","1":"post","2":"type-post","3":"status-publish","4":"format-standard","5":"has-post-thumbnail","7":"category-france","8":"tag-actualites","9":"tag-fr","10":"tag-france","11":"tag-le-scan-sport","12":"tag-news","13":"tag-republique-francaise"},"share_on_mastodon":{"url":"https:\/\/pubeurope.com\/@fr\/115758933173782211","error":""},"_links":{"self":[{"href":"https:\/\/www.europesays.com\/fr\/wp-json\/wp\/v2\/posts\/614268","targetHints":{"allow":["GET"]}}],"collection":[{"href":"https:\/\/www.europesays.com\/fr\/wp-json\/wp\/v2\/posts"}],"about":[{"href":"https:\/\/www.europesays.com\/fr\/wp-json\/wp\/v2\/types\/post"}],"author":[{"embeddable":true,"href":"https:\/\/www.europesays.com\/fr\/wp-json\/wp\/v2\/users\/2"}],"replies":[{"embeddable":true,"href":"https:\/\/www.europesays.com\/fr\/wp-json\/wp\/v2\/comments?post=614268"}],"version-history":[{"count":0,"href":"https:\/\/www.europesays.com\/fr\/wp-json\/wp\/v2\/posts\/614268\/revisions"}],"wp:featuredmedia":[{"embeddable":true,"href":"https:\/\/www.europesays.com\/fr\/wp-json\/wp\/v2\/media\/614269"}],"wp:attachment":[{"href":"https:\/\/www.europesays.com\/fr\/wp-json\/wp\/v2\/media?parent=614268"}],"wp:term":[{"taxonomy":"category","embeddable":true,"href":"https:\/\/www.europesays.com\/fr\/wp-json\/wp\/v2\/categories?post=614268"},{"taxonomy":"post_tag","embeddable":true,"href":"https:\/\/www.europesays.com\/fr\/wp-json\/wp\/v2\/tags?post=614268"}],"curies":[{"name":"wp","href":"https:\/\/api.w.org\/{rel}","templated":true}]}}