{"id":614276,"date":"2025-12-21T18:25:15","date_gmt":"2025-12-21T18:25:15","guid":{"rendered":"https:\/\/www.europesays.com\/fr\/614276\/"},"modified":"2025-12-21T18:25:15","modified_gmt":"2025-12-21T18:25:15","slug":"pour-amandine-fouquenet-au-moins-les-ecarts-etaient-faits-actualite","status":"publish","type":"post","link":"https:\/\/www.europesays.com\/fr\/614276\/","title":{"rendered":"Pour Amandine Fouquenet, \u00ab au moins les \u00e9carts \u00e9taient faits \u00bb &#8211; Actualit\u00e9"},"content":{"rendered":"<p>Et m\u00eame si elle a ensuite recul\u00e9, elle n\u2019a pas de regrets d\u2019\u00eatre partie si fort. \u201cAu moins, les \u00e9carts \u00e9taient faits. J\u2019avais forc\u00e9ment besoin de souffler un petit peu, mais je pense quil vaut mieux \u00eatre devant que de se retrouver dans le trafic, ne pas r\u00e9ussir \u00e0 remonter ou \u00eatre oblig\u00e9e de boucher un trou de 30 secondes\u201d. Elle pense que son corps doit s\u2019habituer \u00e0 des d\u00e9parts aussi violents.\u00a0\u201cEn d\u00e9but de saison, je ne faisais pas non plus des starts comme \u00e7a. On verra bien ce que \u00e7a donne jusqu&rsquo;\u00e0 la fin de saison. Pour moi, la course est le meilleur des entra\u00eenements\u201d. <\/p>\n<p><strong style=\"color: #e67e23;\">D\u00c9\u00c7UE ET SATISFAITE <\/strong><\/p>\n<p>Class\u00e9e 13e la veille, <a href=\"https:\/\/www.directvelo.com\/actualite\/126064\/cc-coupe-du-monde-6-elite-femmes-classements\" target=\"_blank\" rel=\"noopener\">l\u2019athl\u00e8te <strong>d\u2019Ark\u00e9a-B&amp;B<\/strong> H\u00f4tels a retrouv\u00e9 le Top 10 ce dimanche \u00e0 Coxyde<\/a>. \u00c0 chaud, elle \u00e9tait partag\u00e9e sur sa performance du jour.\u00a0\u201cJe n&rsquo;\u00e9tais pas tr\u00e8s loin de la 6e place, donc je suis quand m\u00eame un peu d\u00e9\u00e7ue. Je suis une comp\u00e9titrice, et le fait d&rsquo;avoir fait des podiums, j&rsquo;ai vraiment envie d&rsquo;\u00eatre assez r\u00e9guli\u00e8re et de viser au minimum des Top 5\u201d.<\/p>\n<p><a href=\"https:\/\/www.directvelo.com\/actualite\/126047\/amandine-fouquenet-je-suis-forcement-decue\" target=\"_blank\" rel=\"noopener\">Actuellement en p\u00e9riode d&rsquo;hypoxie, elle a la satisfaction d\u2019avoir eu de meilleures sensations que la veille<\/a>. Amandine Fouquenet sait aussi que les deux circuits propos\u00e9s dans le sable ce week-end ne sont pas ceux qui l&rsquo;avantagent le plus.\u00a0\u201cComme tout le monde le dit, nous les Fran\u00e7ais, on ne s&rsquo;entra\u00eene pas beaucoup sur cette surface, donc je suis malgr\u00e9 tout satisfaite de cette 10e place\u201d.<\/p>\n","protected":false},"excerpt":{"rendered":"Et m\u00eame si elle a ensuite recul\u00e9, elle n\u2019a pas de regrets d\u2019\u00eatre partie si fort. \u201cAu moins,&hellip;\n","protected":false},"author":2,"featured_media":614277,"comment_status":"","ping_status":"","sticky":false,"template":"","format":"standard","meta":{"footnotes":""},"categories":[1411],"tags":[834,828,836,829,837,827,83,826,824,823,1154,207,814,817,815,816,822,821,832,211,839,1011,27,820,818,819,835,831,830,833,838,60,212,208,825],"class_list":{"0":"post-614276","1":"post","2":"type-post","3":"status-publish","4":"format-standard","5":"has-post-thumbnail","7":"category-cyclisme","8":"tag-attaque","9":"tag-belgique","10":"tag-braquet","11":"tag-bretagne","12":"tag-chute","13":"tag-competition","14":"tag-coupe-de-france","15":"tag-coureur","16":"tag-course-cyclisme","17":"tag-course-cycliste","18":"tag-cycling","19":"tag-cyclisme","20":"tag-direct","21":"tag-direct-velo","22":"tag-directvelo","23":"tag-directvelo-com","24":"tag-epreuve","25":"tag-epreuve-cycliste","26":"tag-federation-francaise-de-cyclisme","27":"tag-ffc","28":"tag-flandres","29":"tag-fr","30":"tag-france","31":"tag-live","32":"tag-live-course","33":"tag-live-epreuve","34":"tag-peloton","35":"tag-radio-peloton","36":"tag-radio-tour","37":"tag-ravitaillement","38":"tag-relance","39":"tag-sports","40":"tag-uci","41":"tag-velo","42":"tag-velos"},"share_on_mastodon":{"url":"https:\/\/pubeurope.com\/@fr\/115758964758806597","error":""},"_links":{"self":[{"href":"https:\/\/www.europesays.com\/fr\/wp-json\/wp\/v2\/posts\/614276","targetHints":{"allow":["GET"]}}],"collection":[{"href":"https:\/\/www.europesays.com\/fr\/wp-json\/wp\/v2\/posts"}],"about":[{"href":"https:\/\/www.europesays.com\/fr\/wp-json\/wp\/v2\/types\/post"}],"author":[{"embeddable":true,"href":"https:\/\/www.europesays.com\/fr\/wp-json\/wp\/v2\/users\/2"}],"replies":[{"embeddable":true,"href":"https:\/\/www.europesays.com\/fr\/wp-json\/wp\/v2\/comments?post=614276"}],"version-history":[{"count":0,"href":"https:\/\/www.europesays.com\/fr\/wp-json\/wp\/v2\/posts\/614276\/revisions"}],"wp:featuredmedia":[{"embeddable":true,"href":"https:\/\/www.europesays.com\/fr\/wp-json\/wp\/v2\/media\/614277"}],"wp:attachment":[{"href":"https:\/\/www.europesays.com\/fr\/wp-json\/wp\/v2\/media?parent=614276"}],"wp:term":[{"taxonomy":"category","embeddable":true,"href":"https:\/\/www.europesays.com\/fr\/wp-json\/wp\/v2\/categories?post=614276"},{"taxonomy":"post_tag","embeddable":true,"href":"https:\/\/www.europesays.com\/fr\/wp-json\/wp\/v2\/tags?post=614276"}],"curies":[{"name":"wp","href":"https:\/\/api.w.org\/{rel}","templated":true}]}}