{"id":614284,"date":"2025-12-21T18:31:17","date_gmt":"2025-12-21T18:31:17","guid":{"rendered":"https:\/\/www.europesays.com\/fr\/614284\/"},"modified":"2025-12-21T18:31:17","modified_gmt":"2025-12-21T18:31:17","slug":"tony-ziva-sarrete-apres-une-seule-saison","status":"publish","type":"post","link":"https:\/\/www.europesays.com\/fr\/614284\/","title":{"rendered":"Tony &#038; Ziva s\u2019arr\u00eate apr\u00e8s une seule saison"},"content":{"rendered":"<p class=\"chapo\">Malgr\u00e9 des d\u00e9buts prometteurs, la s\u00e9rie t\u00e9l\u00e9vis\u00e9e NCIS: Tony &amp; Ziva ne conna\u00eetra pas de saison 2 sur la plateforme de streaming Paramount+.<\/p>\n<p>Tl;dr<\/p>\n<ul>\n<li>Paramount+ annonce l\u2019annulation de NCIS: Tony &amp; Ziva apr\u00e8s une seule saison, malgr\u00e9 une forte attente des fans.<\/li>\n<li>Le spin-off a permis de r\u00e9unir Tony et Ziva autour d\u2019une intrigue personnelle centr\u00e9e sur l\u2019enl\u00e8vement de leur fille.<\/li>\n<li>Pas de cliffhanger : l\u2019intrigue principale est r\u00e9solue.<\/li>\n<\/ul>\n<p>Une page se tourne pour NCIS sur Paramount+<\/p>\n<p>Alors que Paramount+ poursuit son expansion dans l\u2019univers des s\u00e9ries \u00e0 succ\u00e8s, une nouvelle vient secouer les amateurs de <a href=\"https:\/\/www.24matins.fr\/ncis-mark-harmon-alias-gibbs-preparerait-il-sur-le-depart-1281986\" target=\"_blank\" rel=\"noopener\"><strong>NCIS<\/strong><\/a>. La plateforme de streaming vient d\u2019annoncer la fin pr\u00e9matur\u00e9e de la s\u00e9rie d\u00e9riv\u00e9e NCIS: Tony &amp; Ziva, apr\u00e8s une seule saison. Un choix qui surprend, tant cette production avait cristallis\u00e9 l\u2019attente des fans depuis plus d\u2019une d\u00e9cennie.<\/p>\n<p>Une s\u00e9paration marquante, des retrouvailles explosives<\/p>\n<p>Le retour \u00e0 l\u2019\u00e9cran du duo mythique form\u00e9 par Michael Weatherly et Cote de Pablo a suscit\u00e9 un v\u00e9ritable engouement. Depuis leur s\u00e9paration \u00e9mouvante dans la s\u00e9rie-m\u00e8re \u2014 marqu\u00e9e notamment par la disparition suppos\u00e9e de Ziva lors d\u2019un attentat puis sa r\u00e9apparition inattendue \u2014, le public esp\u00e9rait retrouver ce couple embl\u00e9matique. Le spin-off a donc r\u00e9pondu \u00e0 ce d\u00e9sir, en mettant en sc\u00e8ne la r\u00e9union des deux agents autour d\u2019une intrigue haletante : leur fille est enlev\u00e9e par un terroriste, les for\u00e7ant \u00e0 collaborer pour la sauver.<\/p>\n<p>Une histoire autonome, une conclusion sans frustration<\/p>\n<p>Si les premiers \u00e9pisodes ont r\u00e9alis\u00e9 des audiences notables pour Paramount+, l\u2019int\u00e9r\u00eat s\u2019est quelque peu essouffl\u00e9 d\u00e8s le troisi\u00e8me, influen\u00e7ant sans doute la d\u00e9cision du diffuseur. Pourtant, l\u2019\u00e9quipe cr\u00e9ative semble avoir anticip\u00e9 ce sc\u00e9nario : l\u2019arc narratif trouve sa r\u00e9solution au terme des dix \u00e9pisodes propos\u00e9s. Les fans retrouvent enfin le happy end longtemps esp\u00e9r\u00e9 : Tony et Ziva sauvent leur fille, \u00e9vitent le pire et d\u00e9cident \u2014 sous le regard amus\u00e9 de leur enfant \u2014 de donner une nouvelle chance \u00e0 leur histoire.<\/p>\n<p>\u00c0 travers ce choix sc\u00e9naristique r\u00e9fl\u00e9chi, les cr\u00e9ateurs offrent plusieurs garanties appr\u00e9ciables :<\/p>\n<ul>\n<li>Aucune intrigue laiss\u00e9e en suspens ni de cliffhanger frustrant.<\/li>\n<li>Un hommage assum\u00e9 aux personnages pl\u00e9biscit\u00e9s.<\/li>\n<li>Une porte ferm\u00e9e sur un avenir serein pour le couple phare\/<\/li>\n<\/ul>\n<p>Un bilan contrast\u00e9 mais mission accomplie pour Paramount+<\/p>\n<p>M\u00eame si la d\u00e9ception domine chez certains adeptes du format proc\u00e9dural, force est de constater que ce chapitre d\u00e9di\u00e9 \u00e0 Tony et Ziva aura su clore dignement une saga entam\u00e9e il y a plus de dix ans. Comme l\u2019ont confi\u00e9 les acteurs principaux dans un communiqu\u00e9 conjoint : \u00ab Nous nous sentons incroyablement chanceux d\u2019avoir pu donner vie \u00e0 ces personnages une fois encore et d\u2019avoir racont\u00e9 ce nouveau chapitre de leur histoire \u00bb. Une mani\u00e8re \u00e9l\u00e9gante pour Paramount+, malgr\u00e9 sa d\u00e9cision radicale, d\u2019adresser un dernier clin d\u2019\u0153il \u00e0 ceux qui n\u2019avaient jamais cess\u00e9 d\u2019y croire.<\/p>\n","protected":false},"excerpt":{"rendered":"Malgr\u00e9 des d\u00e9buts prometteurs, la s\u00e9rie t\u00e9l\u00e9vis\u00e9e NCIS: Tony &amp; Ziva ne conna\u00eetra pas de saison 2 sur&hellip;\n","protected":false},"author":2,"featured_media":614285,"comment_status":"","ping_status":"","sticky":false,"template":"","format":"standard","meta":{"footnotes":""},"categories":[1356],"tags":[58,59,1011,27,252,1364],"class_list":{"0":"post-614284","1":"post","2":"type-post","3":"status-publish","4":"format-standard","5":"has-post-thumbnail","7":"category-television","8":"tag-divertissement","9":"tag-entertainment","10":"tag-fr","11":"tag-france","12":"tag-television","13":"tag-tv"},"share_on_mastodon":{"url":"https:\/\/pubeurope.com\/@fr\/115758988385125022","error":""},"_links":{"self":[{"href":"https:\/\/www.europesays.com\/fr\/wp-json\/wp\/v2\/posts\/614284","targetHints":{"allow":["GET"]}}],"collection":[{"href":"https:\/\/www.europesays.com\/fr\/wp-json\/wp\/v2\/posts"}],"about":[{"href":"https:\/\/www.europesays.com\/fr\/wp-json\/wp\/v2\/types\/post"}],"author":[{"embeddable":true,"href":"https:\/\/www.europesays.com\/fr\/wp-json\/wp\/v2\/users\/2"}],"replies":[{"embeddable":true,"href":"https:\/\/www.europesays.com\/fr\/wp-json\/wp\/v2\/comments?post=614284"}],"version-history":[{"count":0,"href":"https:\/\/www.europesays.com\/fr\/wp-json\/wp\/v2\/posts\/614284\/revisions"}],"wp:featuredmedia":[{"embeddable":true,"href":"https:\/\/www.europesays.com\/fr\/wp-json\/wp\/v2\/media\/614285"}],"wp:attachment":[{"href":"https:\/\/www.europesays.com\/fr\/wp-json\/wp\/v2\/media?parent=614284"}],"wp:term":[{"taxonomy":"category","embeddable":true,"href":"https:\/\/www.europesays.com\/fr\/wp-json\/wp\/v2\/categories?post=614284"},{"taxonomy":"post_tag","embeddable":true,"href":"https:\/\/www.europesays.com\/fr\/wp-json\/wp\/v2\/tags?post=614284"}],"curies":[{"name":"wp","href":"https:\/\/api.w.org\/{rel}","templated":true}]}}