{"id":614298,"date":"2025-12-21T18:38:17","date_gmt":"2025-12-21T18:38:17","guid":{"rendered":"https:\/\/www.europesays.com\/fr\/614298\/"},"modified":"2025-12-21T18:38:17","modified_gmt":"2025-12-21T18:38:17","slug":"une-publicite-radio-declenche-la-colere-de-la-filiere-viticole-bourguignonne","status":"publish","type":"post","link":"https:\/\/www.europesays.com\/fr\/614298\/","title":{"rendered":"une publicit\u00e9 radio d\u00e9clenche la col\u00e8re de la fili\u00e8re viticole bourguignonne"},"content":{"rendered":"<p>C\u2019est un raccourci qui ne passe pas. Une publicit\u00e9 radio de l\u2019enseigne Aldi, diffus\u00e9e \u00e0 l\u2019approche des f\u00eates pour un vin du Pays d\u2019Oc \u00e0 tout petit prix, a fait bondir l\u2019interprofession des vins de Bourgogne. En cause, l\u2019accroche, qui \u00e9voque un \u00ab\u00a0c\u00e9page de Bourgogne aux ar\u00f4mes de noisettes\u00a0\u00bb.<\/p>\n<p>Le probl\u00e8me, c\u2019est qu\u2019en faisant r\u00e9f\u00e9rence au c\u00e9page et non <a href=\"https:\/\/www.bienpublic.com\/economie\/2025\/12\/12\/une-avancee-majeure-pour-la-protection-de-nos-vins-en-chine-80-appellations-desormais-protegees\" target=\"_blank\" rel=\"noopener\">\u00e0 l\u2019appellation<\/a>, la publicit\u00e9 brouille les pistes. Car si le Chardonnay est bien un c\u00e9page originaire de Bourgogne, ce vin, lui, n\u2019a rien de bourguignon. Un m\u00e9lange des genres qui peut induire en erreur le consommateur et qui a provoqu\u00e9 la col\u00e8re des professionnels bourguignons.<\/p>\n<p>  Une demande de retrait de la publicit\u00e9<\/p>\n<p>\u00ab\u00a0On a le sentiment qu\u2019il n\u2019y a plus aucune limite et que d\u2019aucuns se sentent le droit de fouler aux pieds toutes les r\u00e8gles. Nous ne pouvons pas tol\u00e9rer que le nom de Bourgogne soit ainsi utilis\u00e9 \u00bb, se sont insurg\u00e9s, dans un communiqu\u00e9 de presse, Fran\u00e7ois Labet et Laurent Delaunay, les copr\u00e9sidents du Comit\u00e9 des vins de Bourgogne. L\u2019interprofession indique au passage travailler avec ses avocats \u00ab\u00a0pour engager toutes les proc\u00e9dures judiciaires afin que cesse cette utilisation scandaleuse de notre notori\u00e9t\u00e9 collective. Cette publicit\u00e9 doit \u00eatre retir\u00e9e des ondes sur-le-champ. \u00bb<\/p>\n<p>Dans un communiqu\u00e9 virulent, le Comit\u00e9 des vins de Bourgogne dit avoir \u00e9t\u00e9 <a href=\"https:\/\/www.linkedin.com\/feed\/update\/urn:li:activity:7408053547445075968\/\" target=\"_blank\" rel=\"noopener\">alert\u00e9 par certains de ses membres<\/a> \u00ab\u00a0qui ont cru \u00e0 un canular en \u00e9coutant les radios nationales, o\u00f9 cette publicit\u00e9 tourne en boucle au moment des f\u00eates\u00a0\u00bb, critiquant au passage un vin \u00ab\u00a0vendu \u00e0 vil prix au moment o\u00f9 la <a href=\"https:\/\/www.bienpublic.com\/economie\/2025\/10\/06\/viticulture-l-interprofession-veut-rassurer-sur-un-millesime-2025-complique\" target=\"_blank\" rel=\"noopener\">fili\u00e8re fran\u00e7aise fait face \u00e0 une crise s\u00e9v\u00e8re<\/a>\u00a0\u00bb.<\/p>\n","protected":false},"excerpt":{"rendered":"C\u2019est un raccourci qui ne passe pas. Une publicit\u00e9 radio de l\u2019enseigne Aldi, diffus\u00e9e \u00e0 l\u2019approche des f\u00eates&hellip;\n","protected":false},"author":2,"featured_media":614299,"comment_status":"","ping_status":"","sticky":false,"template":"","format":"standard","meta":{"footnotes":""},"categories":[6],"tags":[12095,12096,35,33,34,10975,107,1011,27,6182],"class_list":{"0":"post-614298","1":"post","2":"type-post","3":"status-publish","4":"format-standard","5":"has-post-thumbnail","7":"category-economie","8":"tag-beaune","9":"tag-beaune-ville","10":"tag-business","11":"tag-economie","12":"tag-economy","13":"tag-edition-beaune-et-sa-region","14":"tag-fil-info","15":"tag-fr","16":"tag-france","17":"tag-vins-et-viticulture"},"share_on_mastodon":{"url":"https:\/\/pubeurope.com\/@fr\/115759015923447292","error":""},"_links":{"self":[{"href":"https:\/\/www.europesays.com\/fr\/wp-json\/wp\/v2\/posts\/614298","targetHints":{"allow":["GET"]}}],"collection":[{"href":"https:\/\/www.europesays.com\/fr\/wp-json\/wp\/v2\/posts"}],"about":[{"href":"https:\/\/www.europesays.com\/fr\/wp-json\/wp\/v2\/types\/post"}],"author":[{"embeddable":true,"href":"https:\/\/www.europesays.com\/fr\/wp-json\/wp\/v2\/users\/2"}],"replies":[{"embeddable":true,"href":"https:\/\/www.europesays.com\/fr\/wp-json\/wp\/v2\/comments?post=614298"}],"version-history":[{"count":0,"href":"https:\/\/www.europesays.com\/fr\/wp-json\/wp\/v2\/posts\/614298\/revisions"}],"wp:featuredmedia":[{"embeddable":true,"href":"https:\/\/www.europesays.com\/fr\/wp-json\/wp\/v2\/media\/614299"}],"wp:attachment":[{"href":"https:\/\/www.europesays.com\/fr\/wp-json\/wp\/v2\/media?parent=614298"}],"wp:term":[{"taxonomy":"category","embeddable":true,"href":"https:\/\/www.europesays.com\/fr\/wp-json\/wp\/v2\/categories?post=614298"},{"taxonomy":"post_tag","embeddable":true,"href":"https:\/\/www.europesays.com\/fr\/wp-json\/wp\/v2\/tags?post=614298"}],"curies":[{"name":"wp","href":"https:\/\/api.w.org\/{rel}","templated":true}]}}