{"id":614300,"date":"2025-12-21T18:39:13","date_gmt":"2025-12-21T18:39:13","guid":{"rendered":"https:\/\/www.europesays.com\/fr\/614300\/"},"modified":"2025-12-21T18:39:13","modified_gmt":"2025-12-21T18:39:13","slug":"achraf-hakimi-debutera-sur-le-banc-des-remplacants-suivez-le-match-douverture-de-la-can-2025","status":"publish","type":"post","link":"https:\/\/www.europesays.com\/fr\/614300\/","title":{"rendered":"Achraf Hakimi d\u00e9butera sur le banc des rempla\u00e7ants, suivez le match d\u2019ouverture de la CAN 2025"},"content":{"rendered":"\n<p class=\"article__paragraph  \">Bienvenue dans ce direct consacr\u00e9 au match d\u2019ouverture de la <a href=\"https:\/\/www.lemonde.fr\/can-2026\/\" target=\"_blank\" rel=\"noopener\">Coupe d\u2019Afrique des nations 2025<\/a>\u00a0entre le pays h\u00f4te, le Maroc, et les Comores.<\/p>\n<p class=\"article__paragraph  \"><strong>De quoi s\u2019agit-il\u00a0?<\/strong> Du match d\u2019ouverture (assorti, donc, d\u2019une c\u00e9r\u00e9monie d\u2019ouverture) de la 35e \u00e9dition de la Coupe d\u2019Afrique des nations, qui se d\u00e9roule du 21\u00a0d\u00e9cembre au 18\u00a0janvier 2026\u00a0au Maroc. Troisi\u00e8me de la derni\u00e8re Coupe du monde, le Maroc ouvre le bal d\u2019une comp\u00e9tition qu\u2019il entend remporter sur son sol, imitant la C\u00f4te d\u2019Ivoire, tenant du troph\u00e9e. Les Lions de l\u2019Atlas font face aux Comores, pour le premier match du groupe A.<\/p>\n<p class=\"article__paragraph  \"><strong>O\u00f9\u00a0?<\/strong> Au stade Prince Moulay-Abdellah de Rabat.<\/p>\n<p class=\"article__paragraph  \"><strong>A quelle heure\u00a0?<\/strong> Coup d\u2019envoi \u00e0 20\u00a0heures.<\/p>\n<p class=\"article__paragraph  \"><strong>Sur quelle cha\u00eene\u00a0?<\/strong> BeIn Sports 2.<\/p>\n<p class=\"article__paragraph  \"><strong>Qui anime le live\u00a0?<\/strong> Ce coup d\u2019envoi de la CAN permet de r\u00e9unir Valentin Baudry et Louis Chahuneau, au chaud dans le Kop d\u2019Austerlitz. Dans les rues de Rabat et les trav\u00e9es de son enceinte dernier cri, Pierre Lepidi bravera quant \u00e0 lui le froid marocain&#8230; ou plut\u00f4t la chaleur de son hiver.<\/p>\n<p class=\"article__paragraph  \"><strong>La composition (probable) des \u00e9quipes<\/strong>\u00a0:<\/p>\n<p class=\"article__paragraph  \">Bounou \u2013 Mazraoui, Sa\u00efss (cap.), Aguerd, Salah-Eddine \u2013\u00a0Ounahi, Amrabat, El-Aynaoui \u2013\u00a0Diaz, En-Nesyri \u2013\u00a0Ezzalzouli.<\/p>\n<p class=\"article__paragraph  \">Entra\u00eeneur\u00a0: Walid Regragui.<\/p>\n<p class=\"article__paragraph  \">Pandor \u2013\u00a0Bakari, Toibibou, Kari, Boura \u2013\u00a0Youssouf, Bourhane, M\u2019Changama (cap.) \u2013 Selemani, Maolida, Sa\u00efd.<\/p>\n<p class=\"article__paragraph  \">Entra\u00eeneur\u00a0: Stefano Cusin.<\/p>\n<p class=\"article__paragraph  \"><strong>Qui arbitre\u00a0?<\/strong> Le Congolais Jean-Jacques Ndala Ngambo.<\/p>\n<p class=\"article__paragraph  \"><strong>De quoi ne parlera-t-on pas\u00a0? <\/strong><a href=\"https:\/\/www.lemonde.fr\/culture\/article\/2025\/12\/20\/les-meilleures-series-de-2025-selon-les-critiques-du-monde_6658972_3246.html\" target=\"_blank\" rel=\"noopener\">Des meilleures s\u00e9ries de 2025 selon les critiques du \u00ab\u00a0Monde\u00a0\u00bb<\/a>, \u00e0 commencer par celle de d\u00e9faites enregistr\u00e9es par l\u2019OGC Nice, histoire de ne pas g\u00e2cher l\u2019ambiance.<\/p>\n<p class=\"article__paragraph  \"><strong>Demandez le programme\u2026<\/strong> <a href=\"https:\/\/www.lemonde.fr\/football\/article\/2024\/06\/15\/les-prochains-lives-sport-du-monde_6157620_1616939.html\" target=\"_blank\" rel=\"noopener\">Les prochains directs sport du \u00ab\u00a0Monde\u00a0\u00bb<\/a><\/p>\n","protected":false},"excerpt":{"rendered":"Bienvenue dans ce direct consacr\u00e9 au match d\u2019ouverture de la Coupe d\u2019Afrique des nations 2025\u00a0entre le pays h\u00f4te,&hellip;\n","protected":false},"author":2,"featured_media":614301,"comment_status":"","ping_status":"","sticky":false,"template":"","format":"standard","meta":{"footnotes":""},"categories":[5],"tags":[11,1011,27,14,12,28],"class_list":{"0":"post-614300","1":"post","2":"type-post","3":"status-publish","4":"format-standard","5":"has-post-thumbnail","7":"category-international","8":"tag-actualites","9":"tag-fr","10":"tag-france","11":"tag-international","12":"tag-news","13":"tag-world"},"share_on_mastodon":{"url":"https:\/\/pubeurope.com\/@fr\/115759019723527678","error":""},"_links":{"self":[{"href":"https:\/\/www.europesays.com\/fr\/wp-json\/wp\/v2\/posts\/614300","targetHints":{"allow":["GET"]}}],"collection":[{"href":"https:\/\/www.europesays.com\/fr\/wp-json\/wp\/v2\/posts"}],"about":[{"href":"https:\/\/www.europesays.com\/fr\/wp-json\/wp\/v2\/types\/post"}],"author":[{"embeddable":true,"href":"https:\/\/www.europesays.com\/fr\/wp-json\/wp\/v2\/users\/2"}],"replies":[{"embeddable":true,"href":"https:\/\/www.europesays.com\/fr\/wp-json\/wp\/v2\/comments?post=614300"}],"version-history":[{"count":0,"href":"https:\/\/www.europesays.com\/fr\/wp-json\/wp\/v2\/posts\/614300\/revisions"}],"wp:featuredmedia":[{"embeddable":true,"href":"https:\/\/www.europesays.com\/fr\/wp-json\/wp\/v2\/media\/614301"}],"wp:attachment":[{"href":"https:\/\/www.europesays.com\/fr\/wp-json\/wp\/v2\/media?parent=614300"}],"wp:term":[{"taxonomy":"category","embeddable":true,"href":"https:\/\/www.europesays.com\/fr\/wp-json\/wp\/v2\/categories?post=614300"},{"taxonomy":"post_tag","embeddable":true,"href":"https:\/\/www.europesays.com\/fr\/wp-json\/wp\/v2\/tags?post=614300"}],"curies":[{"name":"wp","href":"https:\/\/api.w.org\/{rel}","templated":true}]}}