{"id":614303,"date":"2025-12-21T18:41:12","date_gmt":"2025-12-21T18:41:12","guid":{"rendered":"https:\/\/www.europesays.com\/fr\/614303\/"},"modified":"2025-12-21T18:41:12","modified_gmt":"2025-12-21T18:41:12","slug":"audience-jubilaire-esperer-cest-voir-ce-monde-devenir-le-monde-de-dieu","status":"publish","type":"post","link":"https:\/\/www.europesays.com\/fr\/614303\/","title":{"rendered":"Audience jubilaire: esp\u00e9rer, c&rsquo;est voir ce monde devenir le monde de Dieu"},"content":{"rendered":"<p>Le Pape a tenu samedi 20 d\u00e9cembre la derni\u00e8re audience de cette ann\u00e9e jubilaire sur la place Saint-Pierre. \u00c0 quelques jours de No\u00ebl, L\u00e9on XIV a expliqu\u00e9 que si le jubil\u00e9 touchait \u00e0 sa fin, l&rsquo;esp\u00e9rance, elle, ne s&rsquo;\u00e9teignait pas. Elle est au contraire un engendrement que le monde attend et auquel chacun est invit\u00e9 \u00e0 collaborer.<\/p>\n<p><b>Olivier Bonnel &#8211; Cit\u00e9 du Vatican<\/b><\/p>\n<p>\u00c0 cinq jours de No\u00ebl, le Pape a tenu place Saint-Pierre ce samedi la derni\u00e8re des audiences jubilaires inaugur\u00e9es au mois de janvier dernier par le Pape Fran\u00e7ois.\u00a0\u00abLe Jubil\u00e9 touche \u00e0 sa fin, mais l&rsquo;esp\u00e9rance que cette ann\u00e9e nous a donn\u00e9 ne s&rsquo;\u00e9teint pas: nous resterons des p\u00e8lerins d&rsquo;esp\u00e9rance!\u00bb, a fait remarquer L\u00e9on XIV aux 12 000 fid\u00e8les pr\u00e9sents. Dans sa cat\u00e9ch\u00e8se, il est ainsi revenu sur le sens de l&rsquo;esp\u00e9rance, en reprenant les mots de Saint Paul:\u00a0\u00abC&rsquo;est dans l&rsquo;esp\u00e9rance que nous avons \u00e9t\u00e9 sauv\u00e9s\u00bb (Rm 8, 24).<\/p>\n<p>\u00abSans esp\u00e9rance, nous sommes morts; avec l&rsquo;esp\u00e9rance, nous venons \u00e0 la lumi\u00e8re. L&rsquo;esp\u00e9rance est g\u00e9n\u00e9ratrice. En effet, c&rsquo;est une vertu th\u00e9ologale, c&rsquo;est-\u00e0-dire une force de Dieu, et en tant que telle, elle engendre, elle ne tue pas, mais elle fait na\u00eetre et rena\u00eetre. C&rsquo;est l\u00e0 la v\u00e9ritable force\u00bb, a expliqu\u00e9 le Pape, d\u00e9veloppant:\u00a0\u00abCe qui menace et tue n&rsquo;est pas de la force: c&rsquo;est de l&rsquo;arrogance, c&rsquo;est de la peur agressive, c&rsquo;est le mal qui n&rsquo;engendre rien. La force de Dieu fait na\u00eetre\u00bb.<\/p>\n<p><b>L&rsquo;esp\u00e9rance et l&rsquo;engendrement<\/b> <\/p>\n<p>Alors que la Nativit\u00e9 du Christ approche, L\u00e9on XIV a soulign\u00e9 combien l&rsquo;esp\u00e9rance \u00e9tait un engendrement. Citant une nouvelle fois saint Paul, \u00abNous le savons bien, la cr\u00e9ation tout enti\u00e8re g\u00e9mit, elle passe par les douleurs d\u2019un enfantement qui dure encore\u00bb, le Souverain pontife a expliqu\u00e9 que cette image permettait de comprendre que la Cr\u00e9ation \u00e9tait \u00ab\u00a0un cri\u00a0\u00bb, celui des pauvres comme celui de la terre. Comme dans <a href=\"https:\/\/www.vatican.va\/content\/leo-xiv\/fr\/messages\/peace\/documents\/20251208-messaggio-pace.html\" rel=\"external noopener\" target=\"_blank\">son message pour la prochaine journ\u00e9e mondiale de la paix<\/a>, dans lequel il d\u00e9nonce l&rsquo;\u00e9norme concentration d\u2019int\u00e9r\u00eats \u00e9conomique aux mains de quelques uns, le Pape a une nouvelle fois d\u00e9plor\u00e9 que ce cri n&rsquo;\u00e9tait pas entendu par \u00abbeaucoup de puissants\u00bb.\u00a0\u00abLa richesse de la terre est entre les mains de quelques-uns, tr\u00e8s peu nombreux, de plus en plus concentr\u00e9e \u2013injustement\u2013 entre les mains de ceux qui souvent ne veulent pas entendre les g\u00e9missements de la terre et des pauvres\u00bb,\u00a0a-t-il expliqu\u00e9, soulignant avec s\u00e9v\u00e9rit\u00e9 que \u00abnotre t\u00e2che est de g\u00e9n\u00e9rer, non de voler\u00bb.\u00a0\u00c0 ceux qui accaparent, le Pape oppose donc ceux qui \u00ab\u00a0engendrent\u00a0\u00bb avec esp\u00e9rance, \u00e0 la suite de Dieu \u00abqui\u00a0g\u00e9n\u00e8re toujours\u00bb.\u00a0<\/p>\n<p><b>La force de la pri\u00e8re mariale<\/b> <\/p>\n<p>Celle qui engendre par excellence est bien-s\u00fbr la m\u00e8re de Dieu.\u00a0\u00abSi la pri\u00e8re chr\u00e9tienne est si profond\u00e9ment mariale, c&rsquo;est parce que nous voyons en Marie de Nazareth l&rsquo;une des n\u00f4tres qui engendre\u00bb,\u00a0a-t-il poursuivi. Cette f\u00e9condit\u00e9 de Marie est une invitation \u00e0 tous \u00e0 confier en elle notre esp\u00e9rance, elle qui ressemble \u00e0 son Fils.\u00a0\u00abEt nous ressemblons \u00e0 cette M\u00e8re qui a donn\u00e9 un visage, un corps, une voix \u00e0 la Parole de Dieu. Nous lui ressemblons, car nous pouvons engendrer la Parole de Dieu ici-bas, transformer le cri que nous entendons en un accouchement\u00bb.\u00a0Esp\u00e9rer signifie donc\u00a0\u00abvoir ce monde devenir le monde de Dieu\u00bb, a conclu L\u00e9on XIV, un monde \u00abo\u00f9\u00a0les \u00eatres humains et toutes les cr\u00e9atures marchent \u00e0 nouveau ensemble, dans la ville-jardin, la nouvelle J\u00e9rusalem\u00bb. Nous pouvons pour cela compter sur Marie, qui nous accompagne toujours\u00a0notre p\u00e8lerinage de foi et d&rsquo;esp\u00e9rance.\u00a0<\/p>\n","protected":false},"excerpt":{"rendered":"Le Pape a tenu samedi 20 d\u00e9cembre la derni\u00e8re audience de cette ann\u00e9e jubilaire sur la place Saint-Pierre.&hellip;\n","protected":false},"author":2,"featured_media":614304,"comment_status":"","ping_status":"","sticky":false,"template":"","format":"standard","meta":{"footnotes":""},"categories":[2],"tags":[4695,11,71798,28722,1011,27,12,15830,20114],"class_list":{"0":"post-614303","1":"post","2":"type-post","3":"status-publish","4":"format-standard","5":"has-post-thumbnail","7":"category-actualites","8":"tag-jubile2025","9":"tag-actualites","10":"tag-audience-generale","11":"tag-esperance","12":"tag-fr","13":"tag-france","14":"tag-news","15":"tag-noel","16":"tag-pape-leon-xiv"},"share_on_mastodon":{"url":"https:\/\/pubeurope.com\/@fr\/115759027622453258","error":""},"_links":{"self":[{"href":"https:\/\/www.europesays.com\/fr\/wp-json\/wp\/v2\/posts\/614303","targetHints":{"allow":["GET"]}}],"collection":[{"href":"https:\/\/www.europesays.com\/fr\/wp-json\/wp\/v2\/posts"}],"about":[{"href":"https:\/\/www.europesays.com\/fr\/wp-json\/wp\/v2\/types\/post"}],"author":[{"embeddable":true,"href":"https:\/\/www.europesays.com\/fr\/wp-json\/wp\/v2\/users\/2"}],"replies":[{"embeddable":true,"href":"https:\/\/www.europesays.com\/fr\/wp-json\/wp\/v2\/comments?post=614303"}],"version-history":[{"count":0,"href":"https:\/\/www.europesays.com\/fr\/wp-json\/wp\/v2\/posts\/614303\/revisions"}],"wp:featuredmedia":[{"embeddable":true,"href":"https:\/\/www.europesays.com\/fr\/wp-json\/wp\/v2\/media\/614304"}],"wp:attachment":[{"href":"https:\/\/www.europesays.com\/fr\/wp-json\/wp\/v2\/media?parent=614303"}],"wp:term":[{"taxonomy":"category","embeddable":true,"href":"https:\/\/www.europesays.com\/fr\/wp-json\/wp\/v2\/categories?post=614303"},{"taxonomy":"post_tag","embeddable":true,"href":"https:\/\/www.europesays.com\/fr\/wp-json\/wp\/v2\/tags?post=614303"}],"curies":[{"name":"wp","href":"https:\/\/api.w.org\/{rel}","templated":true}]}}