{"id":614305,"date":"2025-12-21T18:42:29","date_gmt":"2025-12-21T18:42:29","guid":{"rendered":"https:\/\/www.europesays.com\/fr\/614305\/"},"modified":"2025-12-21T18:42:29","modified_gmt":"2025-12-21T18:42:29","slug":"saint-etienne-quand-les-commercants-decorent-leur-vitrine-et-reenchantent-la-ville-pour-noel","status":"publish","type":"post","link":"https:\/\/www.europesays.com\/fr\/614305\/","title":{"rendered":"Saint-\u00c9tienne. Quand les commer\u00e7ants d\u00e9corent leur vitrine et r\u00e9enchantent la ville pour No\u00ebl"},"content":{"rendered":"<p>Tout est parti d\u2019un communiqu\u00e9 de presse. Celui par lequel Gr\u00e9gory Descot nous informait que ses deux bars, le Beer Garden et le Six Nations install\u00e9s place Jean-Jaur\u00e8s, investissaient pour la premi\u00e8re fois dans une d\u00e9coration int\u00e9rieure et ext\u00e9rieure pour les f\u00eates de No\u00ebl. \u00ab\u00a0Dans un contexte parfois morose pour le commerce st\u00e9phanois, il m\u2019a sembl\u00e9 essentiel de proposer quelque chose de fort, positif et f\u00e9d\u00e9rateur\u00a0\u00bb, souligne-t-il.<\/p>\n<p>Cette initiative r\u00e9pond \u00e0 la volont\u00e9 d\u2019amener de plus en plus de commer\u00e7ants \u00e0 embellir leurs vitrines afin de rendre le centre-ville de Saint-Etienne plus attractif et plus festif.<\/p>\n<p>\u00ab\u00a0Cr\u00e9er une v\u00e9ritable vie de quartier\u00a0\u00bb<\/p>\n<p>L\u2019association des commer\u00e7ants du Carr\u00e9 Sainte-Catherine est plus que convaincue de l\u2019int\u00e9r\u00eat de cette&#8230;<\/p>\n","protected":false},"excerpt":{"rendered":"Tout est parti d\u2019un communiqu\u00e9 de presse. Celui par lequel Gr\u00e9gory Descot nous informait que ses deux bars,&hellip;\n","protected":false},"author":2,"featured_media":614306,"comment_status":"","ping_status":"","sticky":false,"template":"","format":"standard","meta":{"footnotes":""},"categories":[9653],"tags":[1111,11,2430,4406,7539,1777,674,1011,27,12,25,4001,7538,104],"class_list":{"0":"post-614305","1":"post","2":"type-post","3":"status-publish","4":"format-standard","5":"has-post-thumbnail","7":"category-saint-etienne","8":"tag-actu","9":"tag-actualites","10":"tag-auvergne-rhone-alpes","11":"tag-commerce-et-services","12":"tag-edition-loire-sud","13":"tag-eu","14":"tag-europe","15":"tag-fr","16":"tag-france","17":"tag-news","18":"tag-republique-francaise","19":"tag-saint-etienne","20":"tag-saint-etienne-ville","21":"tag-societe"},"share_on_mastodon":{"url":"https:\/\/pubeurope.com\/@fr\/115759031497767087","error":""},"_links":{"self":[{"href":"https:\/\/www.europesays.com\/fr\/wp-json\/wp\/v2\/posts\/614305","targetHints":{"allow":["GET"]}}],"collection":[{"href":"https:\/\/www.europesays.com\/fr\/wp-json\/wp\/v2\/posts"}],"about":[{"href":"https:\/\/www.europesays.com\/fr\/wp-json\/wp\/v2\/types\/post"}],"author":[{"embeddable":true,"href":"https:\/\/www.europesays.com\/fr\/wp-json\/wp\/v2\/users\/2"}],"replies":[{"embeddable":true,"href":"https:\/\/www.europesays.com\/fr\/wp-json\/wp\/v2\/comments?post=614305"}],"version-history":[{"count":0,"href":"https:\/\/www.europesays.com\/fr\/wp-json\/wp\/v2\/posts\/614305\/revisions"}],"wp:featuredmedia":[{"embeddable":true,"href":"https:\/\/www.europesays.com\/fr\/wp-json\/wp\/v2\/media\/614306"}],"wp:attachment":[{"href":"https:\/\/www.europesays.com\/fr\/wp-json\/wp\/v2\/media?parent=614305"}],"wp:term":[{"taxonomy":"category","embeddable":true,"href":"https:\/\/www.europesays.com\/fr\/wp-json\/wp\/v2\/categories?post=614305"},{"taxonomy":"post_tag","embeddable":true,"href":"https:\/\/www.europesays.com\/fr\/wp-json\/wp\/v2\/tags?post=614305"}],"curies":[{"name":"wp","href":"https:\/\/api.w.org\/{rel}","templated":true}]}}