{"id":614309,"date":"2025-12-21T18:44:23","date_gmt":"2025-12-21T18:44:23","guid":{"rendered":"https:\/\/www.europesays.com\/fr\/614309\/"},"modified":"2025-12-21T18:44:23","modified_gmt":"2025-12-21T18:44:23","slug":"un-spectacle-de-cloture-feerique-bientot-organise-voici-quand","status":"publish","type":"post","link":"https:\/\/www.europesays.com\/fr\/614309\/","title":{"rendered":"un spectacle de cl\u00f4ture \u00ab\u00a0f\u00e9erique\u00a0\u00bb bient\u00f4t organis\u00e9, voici quand"},"content":{"rendered":"<p>                    Par<br \/>\n        <strong><br \/>\n            <a href=\"https:\/\/actu.fr\/auteur\/amandine-mehl\" title=\"Consulter tous les articles de Amandine Mehl\" target=\"_blank\" rel=\"noopener\">Amandine Mehl<\/a><br \/>\n                    <\/strong><\/p>\n<p>        Publi\u00e9 le<\/p>\n<p>            21 d\u00e9c. 2025 \u00e0 18h02        <\/p>\n<p>Lanc\u00e9es le <a href=\"https:\/\/actu.fr\/grand-est\/nancy_54395\/les-fetes-de-saint-nicolas-seront-inaugurees-vendredi-a-nancy-voici-le-programme_63432773.html\" target=\"_blank\" rel=\"noopener\">vendredi<\/a> 21 novembre, les F\u00eates de <a href=\"https:\/\/actu.fr\/tag\/saint-nicolas\" target=\"_blank\" rel=\"noopener\">Saint-Nicolas<\/a> seront cl\u00f4tur\u00e9es le 4 janvier 2026 \u00e0 <strong>Nancy<\/strong>. Afin de terminer cette \u00e9dition 2025 comme il se doit, un <a href=\"https:\/\/actu.fr\/tag\/spectacles\" target=\"_blank\" rel=\"noopener\">spectacle<\/a> de cl\u00f4ture attend le public.<\/p>\n<p>Un spectacle lumineux au Grand village de Saint-Nicolas<\/p>\n<p class=\" wall-content\">Le rendez-vous est donn\u00e9 le <strong>samedi 27 d\u00e9cembre<\/strong>, \u00e0 partir de 18h30, au <a href=\"https:\/\/actu.fr\/grand-est\/nancy_54395\/grand-village-de-saint-nicolas-a-nancy-de-nouveaux-horaires-annonces-pour-2025_63395946.html\" target=\"_blank\" rel=\"noopener\">Grand village de Saint-Nicolas<\/a>, place Charles III. L\u2019association de commer\u00e7ants Les Vitrines de Nancy, \u00e0 l\u2019origine du Grand village et du show, annonce un<strong> spectacle de cl\u00f4ture \u00ab\u00a0f\u00e9erique\u00a0\u00bb<\/strong>, \u00ab\u00a0un moment suspendu pens\u00e9 comme un final enchanteur pour c\u00e9l\u00e9brer l\u2019esprit de No\u00ebl, le partage et l\u2019\u00e9merveillement\u00a0\u00bb.<\/p>\n<p class=\" wall-content\">Si aucun d\u00e9tail n\u2019a \u00e9t\u00e9 communiqu\u00e9 pour pr\u00e9server la surprise, l\u2019association parle d\u2019un \u00ab\u00a0<strong>spectacle lumineux<\/strong> qui transformera la place en un v\u00e9ritable \u00e9crin de lumi\u00e8re\u00a0\u00bb.<\/p>\n<p class=\" wall-content\">Personnalisez votre actualit\u00e9 en ajoutant vos villes et m\u00e9dias en favori avec <a href=\"https:\/\/moncompte.actu.fr\" title=\"D\u00e9couvez Mon Actu\" rel=\"nofollow noopener\" data-trk=\"{&quot;cta&quot;:{&quot;action&quot;:&quot;https:\\\/\\\/moncompte.actu.fr&quot;,&quot;category&quot;:&quot;mon compte&quot;,&quot;from&quot;:&quot;article footer&quot;,&quot;name&quot;:&quot;Mon actu&quot;,&quot;type&quot;:&quot;cta&quot;}}\" target=\"_blank\">Mon Actu<\/a>.<\/p>\n","protected":false},"excerpt":{"rendered":"Par Amandine Mehl Publi\u00e9 le 21 d\u00e9c. 2025 \u00e0 18h02 Lanc\u00e9es le vendredi 21 novembre, les F\u00eates de&hellip;\n","protected":false},"author":2,"featured_media":614310,"comment_status":"","ping_status":"","sticky":false,"template":"","format":"standard","meta":{"footnotes":""},"categories":[9635],"tags":[1111,11,1777,674,1011,27,775,1702,12,25,14334,104,853],"class_list":{"0":"post-614309","1":"post","2":"type-post","3":"status-publish","4":"format-standard","5":"has-post-thumbnail","7":"category-nancy","8":"tag-actu","9":"tag-actualites","10":"tag-eu","11":"tag-europe","12":"tag-fr","13":"tag-france","14":"tag-grand-est","15":"tag-nancy","16":"tag-news","17":"tag-republique-francaise","18":"tag-saint-nicolas","19":"tag-societe","20":"tag-spectacles"},"share_on_mastodon":{"url":"https:\/\/pubeurope.com\/@fr\/115759039437679621","error":""},"_links":{"self":[{"href":"https:\/\/www.europesays.com\/fr\/wp-json\/wp\/v2\/posts\/614309","targetHints":{"allow":["GET"]}}],"collection":[{"href":"https:\/\/www.europesays.com\/fr\/wp-json\/wp\/v2\/posts"}],"about":[{"href":"https:\/\/www.europesays.com\/fr\/wp-json\/wp\/v2\/types\/post"}],"author":[{"embeddable":true,"href":"https:\/\/www.europesays.com\/fr\/wp-json\/wp\/v2\/users\/2"}],"replies":[{"embeddable":true,"href":"https:\/\/www.europesays.com\/fr\/wp-json\/wp\/v2\/comments?post=614309"}],"version-history":[{"count":0,"href":"https:\/\/www.europesays.com\/fr\/wp-json\/wp\/v2\/posts\/614309\/revisions"}],"wp:featuredmedia":[{"embeddable":true,"href":"https:\/\/www.europesays.com\/fr\/wp-json\/wp\/v2\/media\/614310"}],"wp:attachment":[{"href":"https:\/\/www.europesays.com\/fr\/wp-json\/wp\/v2\/media?parent=614309"}],"wp:term":[{"taxonomy":"category","embeddable":true,"href":"https:\/\/www.europesays.com\/fr\/wp-json\/wp\/v2\/categories?post=614309"},{"taxonomy":"post_tag","embeddable":true,"href":"https:\/\/www.europesays.com\/fr\/wp-json\/wp\/v2\/tags?post=614309"}],"curies":[{"name":"wp","href":"https:\/\/api.w.org\/{rel}","templated":true}]}}