{"id":614311,"date":"2025-12-21T18:45:17","date_gmt":"2025-12-21T18:45:17","guid":{"rendered":"https:\/\/www.europesays.com\/fr\/614311\/"},"modified":"2025-12-21T18:45:17","modified_gmt":"2025-12-21T18:45:17","slug":"coupe-de-france-departmentale-le-nancy-sluc-poursuit-laventure-las-void-vacon-sarrete-la","status":"publish","type":"post","link":"https:\/\/www.europesays.com\/fr\/614311\/","title":{"rendered":"Coupe de France d\u00e9partmentale. Le Nancy SLUC poursuit l\u2019aventure, LAS Void Vacon s\u2019arr\u00eate l\u00e0"},"content":{"rendered":"<p>Le r\u00eave est pass\u00e9 pour le LAS Void-Vacon. Le club meusien, fort de ses deux cents licenci\u00e9s et qui \u00e9tait pr\u00e9sent dans les deux tableaux de ce 3e tour de la Coupe de France d\u00e9partementale, ne sera malheureusement pas pr\u00e9sent au prochain tour. Sur leurs terres, les Meusiens, pourtant leaders de leur poule en division territoriale, ont subi la loi de Val-Saint-Pierre (35-19). A la pause, les Mosellans avaient d\u00e9j\u00e0 fait un grand pas vers la qualification (16-7) d&rsquo;autant qu\u2019\u00e0 la surprise g\u00e9n\u00e9rale la formation de Deux Vall\u00e9es ne s\u2019\u00e9tait pas pr\u00e9sent\u00e9e \u00ab Il faut se rendre \u00e0 l\u2019\u00e9vidence, Val St-Pierre \u00e9tait bien plus fort que nous\u00a0\u00bb, convient Na\u00efda P\u00e9tigny, la pr\u00e9sidente du club, qui \u00e9volue aussi avec l\u2019\u00e9quipe f\u00e9minine. Justement, ce dimanche, les filles de Void-Vacon esp\u00e9raient rafler le pr\u00e9cieux s\u00e9same lors d\u2019une triangulaire programm\u00e9e \u00e0 Brienne. Un tournoi particuli\u00e8rement ouvert. Ainsi, c\u2019est au goal-average que le classement final a \u00e9t\u00e9 \u00e9tabli. M\u00eame si les Meusiennes avaient pris le dessus sur Brienne (25-24), leur lourde d\u00e9faite devant Savino-Chapelain (29-19) leur a \u00e9t\u00e9 fatale. \u00ab\u00a0Dans cette rencontre, on n\u2019est jamais parvenus \u00e0 trouver le bon tempo en attaque et \u00e0 bien glisser en d\u00e9fense\u00a0\u00bb, constate Na\u00efda P\u00e9tigny. La bonne nouvelle du jour est \u00e0 mettre au cr\u00e9dit des f\u00e9minines du Nancy SLUC qui ont remport\u00e9 leur triangulaire aux d\u00e9pens de Val St-Pierre (20-18) et de Boulay\/Bouzonville (27-15). \u00ab\u00a0On a connu quelques difficult\u00e9s devant Val St-Pierre\u00a0\u00bb, confie Ruben No\u00ebl, le coach de l\u2019\u00e9quipe. \u00ab\u00a0Les filles \u00e9taient un peu trop crisp\u00e9es. Contre Boulay, j\u2019ai pu aligner une \u00e9quipe un peu plus exp\u00e9riment\u00e9e ce qui nous a permis de gagner plus facilement\u00a0\u00bb.<\/p>\n<p class=\"note\"><strong>Les r\u00e9sultats<\/strong><strong>Dames<\/strong> A Boulay Classement\u00a0: 1. Nancy SLUC, 2. Boulay\/Bouzonville, 3. Val St Pierre. A Brienne Classement\u00a0: 1. Savino-Chapelain, 2. Brienne, 3. Void-Vacon <strong>Messieurs<\/strong> A Void-Vacon Classement\u00a0: 1. Val St Pierre, 2. Void-Vacon, 3. Deux Vall\u00e9es K\u0153nigsmacker<\/p>\n","protected":false},"excerpt":{"rendered":"Le r\u00eave est pass\u00e9 pour le LAS Void-Vacon. Le club meusien, fort de ses deux cents licenci\u00e9s et&hellip;\n","protected":false},"author":2,"featured_media":614312,"comment_status":"","ping_status":"","sticky":false,"template":"","format":"standard","meta":{"footnotes":""},"categories":[9635],"tags":[1111,11,1704,1777,674,1011,27,775,1792,1702,1703,12,25,517,1700],"class_list":{"0":"post-614311","1":"post","2":"type-post","3":"status-publish","4":"format-standard","5":"has-post-thumbnail","7":"category-nancy","8":"tag-actu","9":"tag-actualites","10":"tag-edition-nancy-et-agglomeration","11":"tag-eu","12":"tag-europe","13":"tag-fr","14":"tag-france","15":"tag-grand-est","16":"tag-handball","17":"tag-nancy","18":"tag-nancy-ville-54b","19":"tag-news","20":"tag-republique-francaise","21":"tag-sport","22":"tag-sport-lorrain"},"share_on_mastodon":{"url":"https:\/\/pubeurope.com\/@fr\/115759043389837576","error":""},"_links":{"self":[{"href":"https:\/\/www.europesays.com\/fr\/wp-json\/wp\/v2\/posts\/614311","targetHints":{"allow":["GET"]}}],"collection":[{"href":"https:\/\/www.europesays.com\/fr\/wp-json\/wp\/v2\/posts"}],"about":[{"href":"https:\/\/www.europesays.com\/fr\/wp-json\/wp\/v2\/types\/post"}],"author":[{"embeddable":true,"href":"https:\/\/www.europesays.com\/fr\/wp-json\/wp\/v2\/users\/2"}],"replies":[{"embeddable":true,"href":"https:\/\/www.europesays.com\/fr\/wp-json\/wp\/v2\/comments?post=614311"}],"version-history":[{"count":0,"href":"https:\/\/www.europesays.com\/fr\/wp-json\/wp\/v2\/posts\/614311\/revisions"}],"wp:featuredmedia":[{"embeddable":true,"href":"https:\/\/www.europesays.com\/fr\/wp-json\/wp\/v2\/media\/614312"}],"wp:attachment":[{"href":"https:\/\/www.europesays.com\/fr\/wp-json\/wp\/v2\/media?parent=614311"}],"wp:term":[{"taxonomy":"category","embeddable":true,"href":"https:\/\/www.europesays.com\/fr\/wp-json\/wp\/v2\/categories?post=614311"},{"taxonomy":"post_tag","embeddable":true,"href":"https:\/\/www.europesays.com\/fr\/wp-json\/wp\/v2\/tags?post=614311"}],"curies":[{"name":"wp","href":"https:\/\/api.w.org\/{rel}","templated":true}]}}