{"id":614313,"date":"2025-12-21T18:46:14","date_gmt":"2025-12-21T18:46:14","guid":{"rendered":"https:\/\/www.europesays.com\/fr\/614313\/"},"modified":"2025-12-21T18:46:14","modified_gmt":"2025-12-21T18:46:14","slug":"le-lanceur-du-pilou-pilou-au-stade-mayol-a-toulon-sexprime-pour-la-premiere-fois-depuis-sa-double-mise-en-examen-pour-viols","status":"publish","type":"post","link":"https:\/\/www.europesays.com\/fr\/614313\/","title":{"rendered":"le lanceur du Pilou-Pilou au stade Mayol \u00e0 Toulon s\u2019exprime pour la premi\u00e8re fois depuis sa double mise en examen pour \u00ab\u00a0viols\u00a0\u00bb"},"content":{"rendered":"<p class=\"fs-5 \"><strong>Mis en examen pour \u00ab\u00a0viols sur conjointes\u00a0\u00bb<\/strong> apr\u00e8s les plaintes de deux ex-compagnes, C\u00e9dric Abellon a accord\u00e9 un entretien \u00e0 Var-Matin. Un \u00e9change r\u00e9alis\u00e9 par t\u00e9l\u00e9phone<strong>, son contr\u00f4le judiciaire lui interdisant de se trouver dans le Var<\/strong>.<\/p>\n<p class=\"fs-5 \">Le quadrag\u00e9naire est connu des amateurs de rugby pour \u00eatre<strong> le lanceur du Pilou-Pilou, ce chant entonn\u00e9 au stade Mayol <\/strong>avant chaque match du Rugby Club Toulonnais (RCT).<a href=\"https:\/\/www.nicematin.com\/faits-divers\/mis-en-examen-a-toulon-pour-viols-le-lanceur-du-pilou-pilou-au-stade-mayol-conteste-formellement-les-accusations-10661391\" target=\"_blank\" rel=\"noopener\"> Il conteste les accusations de violences psychologiques, physiques et sexuelles port\u00e9es contre lui<\/a>.<\/p>\n<p class=\"fw-bold\">Dans quel \u00e9tat d\u2019esprit vous trouvez-vous aujourd\u2019hui\u00a0?<\/p>\n<p class=\"fst-italic\">Aujourd\u2019hui, je suis exil\u00e9 pour une affaire qui&#8230; O\u00f9 je suis mis en cause mais&#8230; En fait, je n\u2019ai pas trop envie d\u2019en parler parce que l\u2019enqu\u00eate est en cours, je n\u2019ai pas envie de donner de d\u00e9tails. J\u2019ai donn\u00e9 ma version des faits et maintenant c\u2019est \u00e0 la justice de jouer. La m\u00e9diatisation qu\u2019il y a eue, c\u2019 est un scandale, je ne comprends pas.<\/p>\n<p class=\"fw-bold\">On vous sent en col\u00e8re&#8230;<\/p>\n<p class=\"fst-italic\">\u00c7a cr\u00e9e un peu de col\u00e8re parce que \u00e7a ne touche pas que moi. Je n\u2019ai pas compris pourquoi mon nom apparaissait dans les m\u00e9dias avec le mot \u00ab\u00a0viols\u00a0\u00bb en dessous. \u00c7a salit toute une famille. Ma compagne pleure tous les jours. Et puis il y a des gens qui m\u2019\u00e9crivent de Nouvelle-Z\u00e9lande, d\u2019Australie&#8230; Cette histoire, elle est pass\u00e9e dans le monde entier. Je suis entach\u00e9 sur toute la plan\u00e8te rugby.<\/p>\n<p class=\"fw-bold\">Justement, vous \u00eates conscient que l\u2019affaire a pris une telle ampleur en raison de votre notori\u00e9t\u00e9\u00a0?<\/p>\n<p class=\"fst-italic\">Je suis connu parce que je passe \u00e0 la t\u00e9l\u00e9 45 secondes avant le match&#8230; Mais je ne suis qu\u2019un b\u00e9n\u00e9vole au RCT, je n\u2019ai pas de contrat, il n\u2019y a pas d\u2019argent, je n\u2019ai rien. Je fais \u00e7a avec plaisir parce que c\u2019est ma passion.<\/p>\n<p>        <img src=\"https:\/\/www.europesays.com\/fr\/wp-content\/uploads\/2025\/12\/1766342774_833_21b29eb_upload-from-url-1-apw9hntfnoc9-data-art-16795754.jpg\"   loading=\"lazy\" decoding=\"async\" alt=\"C\u00e9dric Abellon est connu des supporters du RCT pour lancer le Pilou-Pilou avant chaque match au stade Mayol \u00e0 Toulon. \" class=\"img-fluid position-absolute w-100 object-fit-cover rounded-2\" width=\"600\" height=\"400\"\/><\/p>\n<p class=\"fw-bold\">Comment avez-vous appris que vous \u00e9tiez accus\u00e9 de viols\u00a0?<\/p>\n<p class=\"fst-italic\">J\u2019ai eu un appel, je crois que c\u2019\u00e9tait le jeudi ou le vendredi, je ne sais plus exactement. Le monsieur de la police m\u2019a dit\u00a0: \u00ab\u00a0Est-ce que vous \u00eates disponible lundi [15 d\u00e9cembre] \u00e0 10\u00a0h\u00a0?\u00a0\u00bb Donc je me suis rendu l\u00e0-bas, je pensais qu\u2019il s\u2019agissait d\u2019une affaire li\u00e9e \u00e0 un probl\u00e8me de dette que j\u2019ai avec une ex-compagne. Le monsieur m\u2019a dit\u00a0: \u00ab\u00a0Mais pas du tout (&#8230;) Vous \u00eates accus\u00e9 de viols\u00a0\u00bb. Je suis tomb\u00e9 de haut.<\/p>\n<p class=\"fw-bold\">Qu\u2019avez-vous ressenti\u00a0?<\/p>\n<p class=\"fst-italic\">J\u2019ai pens\u00e9 tout de suite \u00e0 ma femme, \u00e0 ma famille&#8230; L\u00e0, pour moi dans ma t\u00eate, je perds ma femme. Et de l\u00e0, je suis parti en garde \u00e0 vue. J\u2019ai repens\u00e9 \u00e0 une plainte qui avait \u00e9t\u00e9 class\u00e9e sans suite (en 2023, NDLR)&#8230; Et puis j\u2019ai appris les faits reproch\u00e9s au fur et \u00e0 mesure, et quand j\u2019ai appris qu\u2019il y avait une deuxi\u00e8me plaignante, je suis tomb\u00e9 d\u2019encore plus haut. Avec cette personne, il n\u2019y avait pas de probl\u00e8me avant notre diff\u00e9rend financier.<\/p>\n<p class=\"fw-bold\">Deux plaintes d\u00e9pos\u00e9es par deux ex-conjointes d\u00e9non\u00e7ant des viols conjugaux, c\u2019est quand m\u00eame troublant. Comment l\u2019expliquez-vous\u00a0?<\/p>\n<p class=\"fst-italic\">Je pense savoir pourquoi mais je ne vais pas le dire publiquement maintenant.<\/p>\n<p class=\"fw-bold\">Souhaitez-vous une confrontation pour clarifier les choses\u00a0?<\/p>\n<p class=\"fst-italic\">Si le juge me demande d\u2019\u00eatre confront\u00e9, je me confronterais. Mais en fait, ces personnes-l\u00e0 je n\u2019ai plus envie de les voir. Je ne veux plus en entendre parler.<\/p>\n<p class=\"fw-bold\">La justice s\u2019int\u00e9resse aussi \u00e0 l\u2019histoire d\u2019une troisi\u00e8me femme. Dans ce volet, vous avez \u00e9t\u00e9 plac\u00e9 sous le statut de t\u00e9moin assist\u00e9&#8230;<\/p>\n<p class=\"fst-italic\">\u00c7a s\u2019est rajout\u00e9 dans le dossier. C\u2019est une effectivement une affaire de viol mais je n\u2019\u00e9tais pas impliqu\u00e9. D\u2019ailleurs, elle n\u2019a pas port\u00e9 plainte contre moi mais contre un autre homme. \u00c0 l\u2019\u00e9poque j\u2019avais fait une d\u00e9position comme simple t\u00e9moin. C\u2019est pour \u00e7a que mon nom est ressorti.<\/p>\n<p class=\"fw-bold\">\u00cates-vous inquiet ou plut\u00f4t confiant pour la suite\u00a0?<\/p>\n<p class=\"fst-italic\">Je vis comme une injustice totale ce qu\u2019il se passe. Je ne victimise pas, ah non pas du tout. Moi ce que je veux c\u2019est \u00eatre lav\u00e9 et que ma famille soit lav\u00e9e [pleurs].<\/p>\n<\/p>\n<p class=\"fw-bold\">Comment envisagez-vous l\u2019avenir\u00a0?<\/p>\n<p class=\"fst-italic\">J\u2019ai d\u00fb quitter Toulon en 24 heures avec un sac, trois t-shirts, des jeans et deux paires de chaussures. [Un membre de ma famille] m\u2019a accueilli chez lui. Je dois pointer \u00e0 la gendarmerie. Il faut que je retrouve un travail, que je retrouve une situation, un appartement&#8230; Il faut que je relance ma vie. Je repars vraiment de z\u00e9ro.<\/p>\n<p class=\"fw-bold\">Vous reprendriez le lancement du \u00ab\u00a0Pilou-Pilou\u00a0\u00bb si la justice vous donnait gain de cause\u00a0?<\/p>\n<p class=\"fst-italic\">Ah moi sans probl\u00e8me hein. Moi, ma figure elle a toujours \u00e9t\u00e9 droite. Je voudrais dire aux supporters que je suis d\u00e9sol\u00e9 pour tout ce qu\u2019ils ont entendu et que la v\u00e9rit\u00e9 sortira un jour.<\/p>\n","protected":false},"excerpt":{"rendered":"Mis en examen pour \u00ab\u00a0viols sur conjointes\u00a0\u00bb apr\u00e8s les plaintes de deux ex-compagnes, C\u00e9dric Abellon a accord\u00e9 un&hellip;\n","protected":false},"author":2,"featured_media":614314,"comment_status":"","ping_status":"","sticky":false,"template":"","format":"standard","meta":{"footnotes":""},"categories":[9619],"tags":[1111,11,1777,674,1011,27,12,882,3461,25,2310],"class_list":{"0":"post-614313","1":"post","2":"type-post","3":"status-publish","4":"format-standard","5":"has-post-thumbnail","7":"category-toulon","8":"tag-actu","9":"tag-actualites","10":"tag-eu","11":"tag-europe","12":"tag-fr","13":"tag-france","14":"tag-news","15":"tag-provence-alpes-cote-dazur","16":"tag-rct","17":"tag-republique-francaise","18":"tag-toulon"},"share_on_mastodon":{"url":"https:\/\/pubeurope.com\/@fr\/115759048440466217","error":""},"_links":{"self":[{"href":"https:\/\/www.europesays.com\/fr\/wp-json\/wp\/v2\/posts\/614313","targetHints":{"allow":["GET"]}}],"collection":[{"href":"https:\/\/www.europesays.com\/fr\/wp-json\/wp\/v2\/posts"}],"about":[{"href":"https:\/\/www.europesays.com\/fr\/wp-json\/wp\/v2\/types\/post"}],"author":[{"embeddable":true,"href":"https:\/\/www.europesays.com\/fr\/wp-json\/wp\/v2\/users\/2"}],"replies":[{"embeddable":true,"href":"https:\/\/www.europesays.com\/fr\/wp-json\/wp\/v2\/comments?post=614313"}],"version-history":[{"count":0,"href":"https:\/\/www.europesays.com\/fr\/wp-json\/wp\/v2\/posts\/614313\/revisions"}],"wp:featuredmedia":[{"embeddable":true,"href":"https:\/\/www.europesays.com\/fr\/wp-json\/wp\/v2\/media\/614314"}],"wp:attachment":[{"href":"https:\/\/www.europesays.com\/fr\/wp-json\/wp\/v2\/media?parent=614313"}],"wp:term":[{"taxonomy":"category","embeddable":true,"href":"https:\/\/www.europesays.com\/fr\/wp-json\/wp\/v2\/categories?post=614313"},{"taxonomy":"post_tag","embeddable":true,"href":"https:\/\/www.europesays.com\/fr\/wp-json\/wp\/v2\/tags?post=614313"}],"curies":[{"name":"wp","href":"https:\/\/api.w.org\/{rel}","templated":true}]}}