{"id":614319,"date":"2025-12-21T18:49:11","date_gmt":"2025-12-21T18:49:11","guid":{"rendered":"https:\/\/www.europesays.com\/fr\/614319\/"},"modified":"2025-12-21T18:49:11","modified_gmt":"2025-12-21T18:49:11","slug":"disparue-a-la-sortie-de-son-travail-pres-de-montpellier-une-jeune-femme-de-20-ans-recherchee-depuis-trois-jours","status":"publish","type":"post","link":"https:\/\/www.europesays.com\/fr\/614319\/","title":{"rendered":"Disparue \u00e0 la sortie de son travail pr\u00e8s de Montpellier, une jeune femme de 20 ans recherch\u00e9e depuis trois jours"},"content":{"rendered":"<p>\n                                                                La jeune femme, domicili\u00e9e \u00e0 Cournonterral \u00e0 l\u2019ouest de Montpellier, et employ\u00e9e dans un supermarch\u00e9 de Cournonsec, la commune voisine, a disparu vendredi 19\u00a0d\u00e9cembre en d\u00e9but de soir\u00e9e, \u00e0 la sortie de son travail.\n                            <\/p>\n<p>Mathilde, une jeune femme \u00e2g\u00e9e de 20 ans, domicili\u00e9e \u00e0 Cournonterral et employ\u00e9e au magasin Intermarch\u00e9 de Cournonsec, la commune voisine, est signal\u00e9e disparue depuis vendredi 19\u00a0d\u00e9cembre vers 19\u00a0h\u00a050, \u00e0 la sortie de son travail.<\/p>\n<p>La vid\u00e9o-surveillance exploit\u00e9e<\/p>\n<p>Alert\u00e9s, les gendarmes ont ouvert une enqu\u00eate afin de retrouver sa trace. La piste suicidaire est d\u2019ores et d\u00e9j\u00e0 \u00e9cart\u00e9e concernant cette personne.<\/p>\n<p>Des investigations sont en cours dans le secteur, notamment \u00e0 travers l\u2019exploitation d\u2019images de vid\u00e9o-surveillance.<\/p>\n<p>Des avis de disparition ont par ailleurs \u00e9t\u00e9 diffus\u00e9s sur les r\u00e9seaux sociaux.<\/p>\n","protected":false},"excerpt":{"rendered":"La jeune femme, domicili\u00e9e \u00e0 Cournonterral \u00e0 l\u2019ouest de Montpellier, et employ\u00e9e dans un supermarch\u00e9 de Cournonsec, la&hellip;\n","protected":false},"author":2,"featured_media":614320,"comment_status":"","ping_status":"","sticky":false,"template":"","format":"standard","meta":{"footnotes":""},"categories":[9599],"tags":[1111,11,1777,674,118,1011,27,7089,2208,12,2680,25],"class_list":{"0":"post-614319","1":"post","2":"type-post","3":"status-publish","4":"format-standard","5":"has-post-thumbnail","7":"category-montpellier","8":"tag-actu","9":"tag-actualites","10":"tag-eu","11":"tag-europe","12":"tag-faits-divers","13":"tag-fr","14":"tag-france","15":"tag-herault","16":"tag-montpellier","17":"tag-news","18":"tag-occitanie","19":"tag-republique-francaise"},"share_on_mastodon":{"url":"https:\/\/pubeurope.com\/@fr\/115759059219338733","error":""},"_links":{"self":[{"href":"https:\/\/www.europesays.com\/fr\/wp-json\/wp\/v2\/posts\/614319","targetHints":{"allow":["GET"]}}],"collection":[{"href":"https:\/\/www.europesays.com\/fr\/wp-json\/wp\/v2\/posts"}],"about":[{"href":"https:\/\/www.europesays.com\/fr\/wp-json\/wp\/v2\/types\/post"}],"author":[{"embeddable":true,"href":"https:\/\/www.europesays.com\/fr\/wp-json\/wp\/v2\/users\/2"}],"replies":[{"embeddable":true,"href":"https:\/\/www.europesays.com\/fr\/wp-json\/wp\/v2\/comments?post=614319"}],"version-history":[{"count":0,"href":"https:\/\/www.europesays.com\/fr\/wp-json\/wp\/v2\/posts\/614319\/revisions"}],"wp:featuredmedia":[{"embeddable":true,"href":"https:\/\/www.europesays.com\/fr\/wp-json\/wp\/v2\/media\/614320"}],"wp:attachment":[{"href":"https:\/\/www.europesays.com\/fr\/wp-json\/wp\/v2\/media?parent=614319"}],"wp:term":[{"taxonomy":"category","embeddable":true,"href":"https:\/\/www.europesays.com\/fr\/wp-json\/wp\/v2\/categories?post=614319"},{"taxonomy":"post_tag","embeddable":true,"href":"https:\/\/www.europesays.com\/fr\/wp-json\/wp\/v2\/tags?post=614319"}],"curies":[{"name":"wp","href":"https:\/\/api.w.org\/{rel}","templated":true}]}}