{"id":614323,"date":"2025-12-21T18:51:25","date_gmt":"2025-12-21T18:51:25","guid":{"rendered":"https:\/\/www.europesays.com\/fr\/614323\/"},"modified":"2025-12-21T18:51:25","modified_gmt":"2025-12-21T18:51:25","slug":"raphael-gerbeaud-officialise-son-depart-de-rouen-vers-un-retour-en-national-2","status":"publish","type":"post","link":"https:\/\/www.europesays.com\/fr\/614323\/","title":{"rendered":"Rapha\u00ebl Gerbeaud officialise son d\u00e9part de Rouen, vers un retour en National 2 ?"},"content":{"rendered":"<p>L&rsquo;aventure rouennaise de Rapha\u00ebl Gerbeaud n&rsquo;aura donc dur\u00e9 que six mois. Apr\u00e8s deux ann\u00e9es prolifiques sous les couleurs de l&rsquo;US Saint-Malo en National 2 (27 buts), l&rsquo;attaquant de 25 ans s&rsquo;\u00e9tait engag\u00e9 durant le dernier \u00e9t\u00e9 en faveur du FC Rouen, club \u00e9voluant \u00e0 l&rsquo;\u00e9chelon sup\u00e9rieur. Mais apr\u00e8s 9 apparitions (3 titularisations, 1 but) avec les Diables Rouges en National, l&rsquo;avant-centre s&rsquo;appr\u00eate \u00e0 donner une nouvelle orientation \u00e0 sa carri\u00e8re.<\/p>\n<p>Retour en National 2 ?<\/p>\n<p>\u00ab\u00a0Apr\u00e8s cette premi\u00e8re partie de saison au club, il est temps pour moi d\u2019ouvrir un nouveau chapitre, indique-t-il sur ses r\u00e9seaux sociaux ce dimanche 21 d\u00e9cembre. Je tiens \u00e0 remercier l\u2019ensemble des salari\u00e9s, le staff et les supporters pour leur accueil et pour leur soutien. M\u00eame si tout ne s\u2019est pas d\u00e9roul\u00e9 comme je l\u2019esp\u00e9rais, cette exp\u00e9rience restera enrichissante. Je souhaite au club beaucoup de r\u00e9ussite pour la suite et lui adresse tous mes v\u0153ux de succ\u00e8s. De mon c\u00f4t\u00e9, je m\u2019appr\u00eate \u00e0 relever un nouveau d\u00e9fi avec enthousiasme et d\u00e9termination\u00a0\u00bb, ajoute Rapha\u00ebl Gerbeaud, qui pourrait tr\u00e8s vite retrouver le quatri\u00e8me \u00e9chelon. Car \u00e0 en croire les informations de <a href=\"https:\/\/www.paris-normandie.fr\/id684088\/article\/2025-12-21\/football-national-le-fc-rouen-et-gerbeaud-mettent-un-terme-leur-collaboration\" target=\"_blank\" rel=\"noopener\">Paris-Normandie<\/a>, l&rsquo;AS Cannes, cinqui\u00e8me de la <a href=\"https:\/\/www.foot-national.com\/data\/classement-national2-groupe-c.html\" target=\"_blank\" rel=\"noopener\">poule C<\/a> et dont l&rsquo;objectif est de grimper en N1, pisterait le joueur pr\u00e9c\u00e9demment pass\u00e9 par Saint-Pryv\u00e9 Saint-Hilaire, Bourg-P\u00e9ronnas ou encore Plouzan\u00e9 et Plabennec.<\/p>\n<blockquote class=\"instagram-media\" style=\"background: #FFF;border: 0;border-radius: 3px;margin: 1px;max-width: 540px;min-width: 326px;padding: 0;width: calc(100% - 2px)\" data-instgrm-captioned=\"\" data-instgrm-permalink=\"https:\/\/www.instagram.com\/p\/DShXs6kjWcw\/?utm_source=ig_embed&amp;utm_campaign=loading\" data-instgrm-version=\"14\"\/><p>Partagez cette info avec vos amis et vos proches en cliquant ici<br \/>Pour r\u00e9sumer<\/p>\n<p>Sur ses r\u00e9seaux sociaux, l&rsquo;attaquant Rapha\u00ebl Gerbeaud a officialis\u00e9 son d\u00e9part du FC Rouen (National). L&rsquo;ex-buteur de l&rsquo;US Saint-Malo en National 2 pourrait retrouver la quatri\u00e8me division d\u00e8s cet hiver puisque l&rsquo;AS Cannes serait sa piste.<\/p>\n<p> <img decoding=\"async\" width=\"76\" height=\"76\" loading=\"lazy\" src=\"https:\/\/www.europesays.com\/fr\/wp-content\/uploads\/2025\/04\/logo-florian-sermaise.jpg\" alt=\"Florian Sermaise\"\/><script async src=\"\/\/www.instagram.com\/embed.js\"><\/script><\/p>\n","protected":false},"excerpt":{"rendered":"L&rsquo;aventure rouennaise de Rapha\u00ebl Gerbeaud n&rsquo;aura donc dur\u00e9 que six mois. Apr\u00e8s deux ann\u00e9es prolifiques sous les couleurs&hellip;\n","protected":false},"author":2,"featured_media":614324,"comment_status":"","ping_status":"","sticky":false,"template":"","format":"standard","meta":{"footnotes":""},"categories":[9587],"tags":[1111,11,1777,674,1011,27,59645,61695,59520,72494,12,5161,25,9590],"class_list":{"0":"post-614323","1":"post","2":"type-post","3":"status-publish","4":"format-standard","5":"has-post-thumbnail","7":"category-rouen","8":"tag-actu","9":"tag-actualites","10":"tag-eu","11":"tag-europe","12":"tag-fr","13":"tag-france","14":"tag-national-actus","15":"tag-national-mercato","16":"tag-national-2-actus","17":"tag-national-2-mercato","18":"tag-news","19":"tag-normandie","20":"tag-republique-francaise","21":"tag-rouen"},"share_on_mastodon":{"url":"https:\/\/pubeurope.com\/@fr\/115759067808112731","error":""},"_links":{"self":[{"href":"https:\/\/www.europesays.com\/fr\/wp-json\/wp\/v2\/posts\/614323","targetHints":{"allow":["GET"]}}],"collection":[{"href":"https:\/\/www.europesays.com\/fr\/wp-json\/wp\/v2\/posts"}],"about":[{"href":"https:\/\/www.europesays.com\/fr\/wp-json\/wp\/v2\/types\/post"}],"author":[{"embeddable":true,"href":"https:\/\/www.europesays.com\/fr\/wp-json\/wp\/v2\/users\/2"}],"replies":[{"embeddable":true,"href":"https:\/\/www.europesays.com\/fr\/wp-json\/wp\/v2\/comments?post=614323"}],"version-history":[{"count":0,"href":"https:\/\/www.europesays.com\/fr\/wp-json\/wp\/v2\/posts\/614323\/revisions"}],"wp:featuredmedia":[{"embeddable":true,"href":"https:\/\/www.europesays.com\/fr\/wp-json\/wp\/v2\/media\/614324"}],"wp:attachment":[{"href":"https:\/\/www.europesays.com\/fr\/wp-json\/wp\/v2\/media?parent=614323"}],"wp:term":[{"taxonomy":"category","embeddable":true,"href":"https:\/\/www.europesays.com\/fr\/wp-json\/wp\/v2\/categories?post=614323"},{"taxonomy":"post_tag","embeddable":true,"href":"https:\/\/www.europesays.com\/fr\/wp-json\/wp\/v2\/tags?post=614323"}],"curies":[{"name":"wp","href":"https:\/\/api.w.org\/{rel}","templated":true}]}}