{"id":614325,"date":"2025-12-21T18:52:33","date_gmt":"2025-12-21T18:52:33","guid":{"rendered":"https:\/\/www.europesays.com\/fr\/614325\/"},"modified":"2025-12-21T18:52:33","modified_gmt":"2025-12-21T18:52:33","slug":"grenoble-damien-saez-de-retour-au-summum-en-2026","status":"publish","type":"post","link":"https:\/\/www.europesays.com\/fr\/614325\/","title":{"rendered":"Grenoble. Damien Saez de retour au Summum en 2026"},"content":{"rendered":"<p>Apr\u00e8s un Summum \u00e0 guichets ferm\u00e9s en avril, le chanteur Damien Saez est de retour \u00e0 Grenoble avec La Tourn\u00e9e des maudits. Engag\u00e9 et authentique, il n\u2019a cess\u00e9 de se produire sur toutes les sc\u00e8nes de France, son public le suivant toujours depuis\u00a0son album Jours \u00e9tranges, sorti en 1999 avec le titre Jeune et con.<\/p>\n<p class=\"note\">Le mardi 1er\u00a0d\u00e9cembre 2026\u00a0\u00e0 20\u00a0h\u00a030 au Summum \u00e0 Grenoble. De 60 \u00e0 90\u00a0\u20ac.<\/p>\n","protected":false},"excerpt":{"rendered":"Apr\u00e8s un Summum \u00e0 guichets ferm\u00e9s en avril, le chanteur Damien Saez est de retour \u00e0 Grenoble avec&hellip;\n","protected":false},"author":2,"featured_media":614326,"comment_status":"","ping_status":"","sticky":false,"template":"","format":"standard","meta":{"footnotes":""},"categories":[9566],"tags":[1111,11,2430,1687,112,1777,674,1011,27,2731,2732,108,873,12,25],"class_list":{"0":"post-614325","1":"post","2":"type-post","3":"status-publish","4":"format-standard","5":"has-post-thumbnail","7":"category-grenoble","8":"tag-actu","9":"tag-actualites","10":"tag-auvergne-rhone-alpes","11":"tag-culture-loisirs","12":"tag-edition-grenoble-agglomeration","13":"tag-eu","14":"tag-europe","15":"tag-fr","16":"tag-france","17":"tag-grenoble","18":"tag-grenoble-bassin","19":"tag-isere","20":"tag-musique","21":"tag-news","22":"tag-republique-francaise"},"share_on_mastodon":{"url":"https:\/\/pubeurope.com\/@fr\/115759070780327057","error":""},"_links":{"self":[{"href":"https:\/\/www.europesays.com\/fr\/wp-json\/wp\/v2\/posts\/614325","targetHints":{"allow":["GET"]}}],"collection":[{"href":"https:\/\/www.europesays.com\/fr\/wp-json\/wp\/v2\/posts"}],"about":[{"href":"https:\/\/www.europesays.com\/fr\/wp-json\/wp\/v2\/types\/post"}],"author":[{"embeddable":true,"href":"https:\/\/www.europesays.com\/fr\/wp-json\/wp\/v2\/users\/2"}],"replies":[{"embeddable":true,"href":"https:\/\/www.europesays.com\/fr\/wp-json\/wp\/v2\/comments?post=614325"}],"version-history":[{"count":0,"href":"https:\/\/www.europesays.com\/fr\/wp-json\/wp\/v2\/posts\/614325\/revisions"}],"wp:featuredmedia":[{"embeddable":true,"href":"https:\/\/www.europesays.com\/fr\/wp-json\/wp\/v2\/media\/614326"}],"wp:attachment":[{"href":"https:\/\/www.europesays.com\/fr\/wp-json\/wp\/v2\/media?parent=614325"}],"wp:term":[{"taxonomy":"category","embeddable":true,"href":"https:\/\/www.europesays.com\/fr\/wp-json\/wp\/v2\/categories?post=614325"},{"taxonomy":"post_tag","embeddable":true,"href":"https:\/\/www.europesays.com\/fr\/wp-json\/wp\/v2\/tags?post=614325"}],"curies":[{"name":"wp","href":"https:\/\/api.w.org\/{rel}","templated":true}]}}