{"id":614329,"date":"2025-12-21T18:55:17","date_gmt":"2025-12-21T18:55:17","guid":{"rendered":"https:\/\/www.europesays.com\/fr\/614329\/"},"modified":"2025-12-21T18:55:17","modified_gmt":"2025-12-21T18:55:17","slug":"a-cause-des-travaux-la-circulation-sera-toujours-difficile-sur-ces-trois-axes-de-rennes-pendant-les-fetes-de-noel","status":"publish","type":"post","link":"https:\/\/www.europesays.com\/fr\/614329\/","title":{"rendered":"\u00c0 cause des travaux, la circulation sera toujours difficile sur ces trois axes de Rennes pendant les f\u00eates de No\u00ebl"},"content":{"rendered":"<p>&#8211; <strong>Avenue du G\u00e9n\u00e9ral Georges S. Patton <\/strong>: jusqu\u2019\u00e0 mars 2026, la circulation est interdite entre l\u2019avenue de Rochester et la rue Franz Heller, dans le cadre de l\u2019am\u00e9nagement du carrefour Patton\/Rochester. Une d\u00e9viation est mise en place par l\u2019avenue de Rochester, la rue Guy Ropartz et l\u2019avenue des Monts d\u2019Arr\u00e9e.<\/p>\n<p>&#8211;<strong> Avenue Charles et Raymonde Tillon <\/strong>: jusqu\u2019au vendredi 23 janvier 2026, la chauss\u00e9e est r\u00e9duite \u00e0 l\u2019intersection de l\u2019avenue Sir Winston Churchill, afin de permettre \u00e0 Eau du Bassin Rennais d\u2019intervenir sur le r\u00e9seau d\u2019eau potable. La circulation au niveau du terre-plein central \u00e0 l\u2019intersection est interdite et emp\u00eache de tourner \u00e0 gauche vers l\u2019avenue Sir Winston Churchill vers la rocade, \u00e9galement de tourner \u00e0 gauche de l\u2019avenue Tillon vers l\u2019avenue Churchill. Une d\u00e9viation est mise en place par la rue d\u2019Alsace et le cours du Pr\u00e9sident John Fitzgerald Kennedy.<\/p>\n<p>&#8211; <strong>Boulevard d\u2019Anjou<\/strong> : jusqu\u2019au samedi 28 f\u00e9vrier 2026, la circulation est interdite \u00e0 l\u2019intersection de l\u2019avenue de Guyenne, dans le cadre des travaux d\u2019augmentation de capacit\u00e9 de la ligne A du m\u00e9tro. Une d\u00e9viation est mise en place par la rue du Bourbonnais, l\u2019avenue Sir Winston Churchill et la rue de Picardie.<\/p>\n","protected":false},"excerpt":{"rendered":"&#8211; Avenue du G\u00e9n\u00e9ral Georges S. Patton : jusqu\u2019\u00e0 mars 2026, la circulation est interdite entre l\u2019avenue de&hellip;\n","protected":false},"author":2,"featured_media":614330,"comment_status":"","ping_status":"","sticky":false,"template":"","format":"standard","meta":{"footnotes":""},"categories":[2821],"tags":[1111,11,829,21017,1777,674,1011,27,848,12,584,25],"class_list":{"0":"post-614329","1":"post","2":"type-post","3":"status-publish","4":"format-standard","5":"has-post-thumbnail","7":"category-rennes","8":"tag-actu","9":"tag-actualites","10":"tag-bretagne","11":"tag-deplacements-a-rennes","12":"tag-eu","13":"tag-europe","14":"tag-fr","15":"tag-france","16":"tag-ille-et-vilaine","17":"tag-news","18":"tag-rennes","19":"tag-republique-francaise"},"share_on_mastodon":{"url":"https:\/\/pubeurope.com\/@fr\/115759082775321724","error":""},"_links":{"self":[{"href":"https:\/\/www.europesays.com\/fr\/wp-json\/wp\/v2\/posts\/614329","targetHints":{"allow":["GET"]}}],"collection":[{"href":"https:\/\/www.europesays.com\/fr\/wp-json\/wp\/v2\/posts"}],"about":[{"href":"https:\/\/www.europesays.com\/fr\/wp-json\/wp\/v2\/types\/post"}],"author":[{"embeddable":true,"href":"https:\/\/www.europesays.com\/fr\/wp-json\/wp\/v2\/users\/2"}],"replies":[{"embeddable":true,"href":"https:\/\/www.europesays.com\/fr\/wp-json\/wp\/v2\/comments?post=614329"}],"version-history":[{"count":0,"href":"https:\/\/www.europesays.com\/fr\/wp-json\/wp\/v2\/posts\/614329\/revisions"}],"wp:featuredmedia":[{"embeddable":true,"href":"https:\/\/www.europesays.com\/fr\/wp-json\/wp\/v2\/media\/614330"}],"wp:attachment":[{"href":"https:\/\/www.europesays.com\/fr\/wp-json\/wp\/v2\/media?parent=614329"}],"wp:term":[{"taxonomy":"category","embeddable":true,"href":"https:\/\/www.europesays.com\/fr\/wp-json\/wp\/v2\/categories?post=614329"},{"taxonomy":"post_tag","embeddable":true,"href":"https:\/\/www.europesays.com\/fr\/wp-json\/wp\/v2\/tags?post=614329"}],"curies":[{"name":"wp","href":"https:\/\/api.w.org\/{rel}","templated":true}]}}