{"id":614333,"date":"2025-12-21T18:57:15","date_gmt":"2025-12-21T18:57:15","guid":{"rendered":"https:\/\/www.europesays.com\/fr\/614333\/"},"modified":"2025-12-21T18:57:15","modified_gmt":"2025-12-21T18:57:15","slug":"strasbourg-frequentation-et-consommation-en-baisse-le-marche-de-noel-2025-fait-un-premier-bilan","status":"publish","type":"post","link":"https:\/\/www.europesays.com\/fr\/614333\/","title":{"rendered":"Strasbourg. Fr\u00e9quentation et consommation en baisse&#8230; le march\u00e9 de No\u00ebl 2025 fait un premier bilan"},"content":{"rendered":"<p>Le march\u00e9 de No\u00ebl bat son plein place Kl\u00e9ber, en ce dimanche 21\u00a0d\u00e9cembre, jour d\u2019ouverture. Des visiteurs d\u00e9ambulent d\u2019un pas lent dans les all\u00e9es. La circulation reste difficile entre les chalets. Il faut s\u2019armer de patience pour se frayer un chemin.<\/p>\n<p>Ce ballet de touristes, habituel en cette p\u00e9riode de f\u00eate, marque un \u00e9trange paradoxe. Des habitu\u00e9s du centre-ville estiment, comme Yolande, une Strasbourgeoise crois\u00e9e rue du D\u00f4me, \u00ab\u00a0qu\u2019il y a moins de monde cette ann\u00e9e\u00a0\u00bb. Apr\u00e8s <a href=\"https:\/\/www.dna.fr\/culture-loisirs\/2025\/01\/24\/marche-de-noel-3-4-millions-de-visiteurs-en-2024-une-legere-progression-encore-par-rapport-a-2023\" target=\"_blank\" rel=\"noopener\">une \u00e9dition record en 2024<\/a> , avec ses quelque 3,4\u00a0millions de visiteurs au compteur, le march\u00e9 de No\u00ebl semble marquer le pas.<\/p>\n<p>Chiffre d\u2019affaires en baisse<\/p>\n<p>La Ville de Strasbourg dresse un constat identique. Malgr\u00e9 l\u2019absence de chiffres consolid\u00e9s, Guillaume Libsig observe \u00ab\u00a0un ralentissement de la&#8230;<\/p>\n","protected":false},"excerpt":{"rendered":"Le march\u00e9 de No\u00ebl bat son plein place Kl\u00e9ber, en ce dimanche 21\u00a0d\u00e9cembre, jour d\u2019ouverture. Des visiteurs d\u00e9ambulent&hellip;\n","protected":false},"author":2,"featured_media":614334,"comment_status":"","ping_status":"","sticky":false,"template":"","format":"standard","meta":{"footnotes":""},"categories":[2820],"tags":[1111,11,1687,33,2880,1777,674,107,1011,27,775,12,15830,2922,25,104,640,2879,602],"class_list":{"0":"post-614333","1":"post","2":"type-post","3":"status-publish","4":"format-standard","5":"has-post-thumbnail","7":"category-strasbourg","8":"tag-actu","9":"tag-actualites","10":"tag-culture-loisirs","11":"tag-economie","12":"tag-edition-strasbourg","13":"tag-eu","14":"tag-europe","15":"tag-fil-info","16":"tag-fr","17":"tag-france","18":"tag-grand-est","19":"tag-news","20":"tag-noel","21":"tag-pouvoir-dachat","22":"tag-republique-francaise","23":"tag-societe","24":"tag-strasbourg","25":"tag-strasbourg-ville","26":"tag-tourisme"},"share_on_mastodon":{"url":"https:\/\/pubeurope.com\/@fr\/115759090616757495","error":""},"_links":{"self":[{"href":"https:\/\/www.europesays.com\/fr\/wp-json\/wp\/v2\/posts\/614333","targetHints":{"allow":["GET"]}}],"collection":[{"href":"https:\/\/www.europesays.com\/fr\/wp-json\/wp\/v2\/posts"}],"about":[{"href":"https:\/\/www.europesays.com\/fr\/wp-json\/wp\/v2\/types\/post"}],"author":[{"embeddable":true,"href":"https:\/\/www.europesays.com\/fr\/wp-json\/wp\/v2\/users\/2"}],"replies":[{"embeddable":true,"href":"https:\/\/www.europesays.com\/fr\/wp-json\/wp\/v2\/comments?post=614333"}],"version-history":[{"count":0,"href":"https:\/\/www.europesays.com\/fr\/wp-json\/wp\/v2\/posts\/614333\/revisions"}],"wp:featuredmedia":[{"embeddable":true,"href":"https:\/\/www.europesays.com\/fr\/wp-json\/wp\/v2\/media\/614334"}],"wp:attachment":[{"href":"https:\/\/www.europesays.com\/fr\/wp-json\/wp\/v2\/media?parent=614333"}],"wp:term":[{"taxonomy":"category","embeddable":true,"href":"https:\/\/www.europesays.com\/fr\/wp-json\/wp\/v2\/categories?post=614333"},{"taxonomy":"post_tag","embeddable":true,"href":"https:\/\/www.europesays.com\/fr\/wp-json\/wp\/v2\/tags?post=614333"}],"curies":[{"name":"wp","href":"https:\/\/api.w.org\/{rel}","templated":true}]}}