{"id":614343,"date":"2025-12-21T19:03:23","date_gmt":"2025-12-21T19:03:23","guid":{"rendered":"https:\/\/www.europesays.com\/fr\/614343\/"},"modified":"2025-12-21T19:03:23","modified_gmt":"2025-12-21T19:03:23","slug":"coupe-de-france-malgre-la-defaite-face-a-nantes-les-supporters-de-lus-concarneau-ont-vibre-video","status":"publish","type":"post","link":"https:\/\/www.europesays.com\/fr\/614343\/","title":{"rendered":"Coupe de France : malgr\u00e9 la d\u00e9faite face \u00e0 Nantes, les supporters de l\u2019US Concarneau ont vibr\u00e9 [Vid\u00e9o]"},"content":{"rendered":"<p>Quel match\u00a0! Au stade Guy-Piriou de Concarneau, ce dimanche 21 d\u00e9cembre, les spectateurs ont eu droit \u00e0 un festival de buts, huit au total, pour ces 32es de finale de la Coupe de France. Oppos\u00e9s au FC Nantes, les joueurs de l\u2019US Concarneau se sont battus comme des beaux diables. Les footballeurs de National ont r\u00e9ussi \u00e0 en marquer trois, mais les Canaris nantais, qui volent en Ligue 1, en ont mis cinq. <a href=\"https:\/\/www.letelegramme.fr\/sports\/football\/us-concarneau\/direct-us-concarneau-n-fc-nantes-l1-suivez-ce-32e-de-finale-de-coupe-de-france-6951753.php\" target=\"_blank\" rel=\"noopener\">Le score est sans appel <\/a>mais ne doit pas occulter le beau moment de ferveur v\u00e9cu par les supporters.<\/p>\n<p>La tribune Est fait l\u2019unanimit\u00e9<\/p>\n<p>Parmi les 2\u00a0999 spectateurs, 450 chanceux ont eu l\u2019occasion d\u2019\u00e9trenner la toute nouvelle tribune Est, <a href=\"https:\/\/www.letelegramme.fr\/finistere\/concarneau-29900\/de-nouvelles-places-en-vente-samedi-pour-le-match-us-concarneau-fc-nantes-6950784.php\" target=\"_blank\" rel=\"noopener\">ouverte partiellement<\/a> pour ce match de gala. Et les retours sont plus que positifs. \u00ab\u00a0La vue est incroyable\u00a0! On n\u2019est qu\u2019\u00e0 une dizaine de m\u00e8tres du terrain. Pour la saison prochaine, c\u2019est d\u00e9cid\u00e9, je prends un abonnement pour la tribune Est\u00a0\u00bb, s\u2019enthousiasme Raoul, supporter de l\u2019US Concarneau depuis deux ans. \u00ab\u00a0La visibilit\u00e9 est top et on est bien install\u00e9\u00a0\u00bb, abonde J\u00e9r\u00f4me. \u00ab\u00a0M\u00eame si la tribune n\u2019est pas compl\u00e8tement finie, elle est vraiment bien calibr\u00e9e. On reste en proximit\u00e9, c\u2019est important\u00a0\u00bb, compl\u00e8te Alan. \u00ab\u00a0Belle vue, magnifique terrain\u2026 Rien \u00e0 redire\u00a0!\u00a0\u00bb, r\u00e9sume, quant \u00e0 lui, son comparse Donovan. \u00ab\u00a0C\u2019est une nouvelle page de l\u2019USC qui s\u2019\u00e9crit. C\u2019est g\u00e9nial de le vivre avec mon p\u00e8re Alain\u00a0\u00bb, t\u00e9moigne Rodolphe<a href=\"https:\/\/www.letelegramme.fr\/finistere\/concarneau-29900\/a-concarneau-ils-se-sont-leves-tot-pour-obtenir-leur-billet-pour-le-match-contre-le-fc-nantes-6951784.php\" target=\"_blank\" rel=\"noopener\"> qui a obtenu les deux places<\/a>, samedi matin.<\/p>\n<p>Alors certes, tous auraient esp\u00e9r\u00e9 une autre conclusion pour ce nouveau chapitre du chaudron sud-finist\u00e9rien\u2026 La d\u00e9faite laisse toujours un go\u00fbt amer. Mais l\u2019ascenseur \u00e9motionnel v\u00e9cu, ce dimanche, par les supporters laissera, \u00e0 n\u2019en pas douter, aussi des traces. \u00c0 l\u2019image du nouveau stade Guy-Piriou, qui sera achev\u00e9 fin f\u00e9vrier 2026, la ferveur de l\u2019USC est l\u00e0 pour rester.<\/p>\n","protected":false},"excerpt":{"rendered":"Quel match\u00a0! Au stade Guy-Piriou de Concarneau, ce dimanche 21 d\u00e9cembre, les spectateurs ont eu droit \u00e0 un&hellip;\n","protected":false},"author":2,"featured_media":614344,"comment_status":"","ping_status":"","sticky":false,"template":"","format":"standard","meta":{"footnotes":""},"categories":[2818],"tags":[1111,11,3322,83,1777,674,462,63,1011,27,766,12,2636,25,2955],"class_list":{"0":"post-614343","1":"post","2":"type-post","3":"status-publish","4":"format-standard","5":"has-post-thumbnail","7":"category-nantes","8":"tag-actu","9":"tag-actualites","10":"tag-concarneau","11":"tag-coupe-de-france","12":"tag-eu","13":"tag-europe","14":"tag-fc-nantes","15":"tag-football","16":"tag-fr","17":"tag-france","18":"tag-nantes","19":"tag-news","20":"tag-pays-de-la-loire","21":"tag-republique-francaise","22":"tag-videos"},"share_on_mastodon":{"url":"https:\/\/pubeurope.com\/@fr\/115759114164517476","error":""},"_links":{"self":[{"href":"https:\/\/www.europesays.com\/fr\/wp-json\/wp\/v2\/posts\/614343","targetHints":{"allow":["GET"]}}],"collection":[{"href":"https:\/\/www.europesays.com\/fr\/wp-json\/wp\/v2\/posts"}],"about":[{"href":"https:\/\/www.europesays.com\/fr\/wp-json\/wp\/v2\/types\/post"}],"author":[{"embeddable":true,"href":"https:\/\/www.europesays.com\/fr\/wp-json\/wp\/v2\/users\/2"}],"replies":[{"embeddable":true,"href":"https:\/\/www.europesays.com\/fr\/wp-json\/wp\/v2\/comments?post=614343"}],"version-history":[{"count":0,"href":"https:\/\/www.europesays.com\/fr\/wp-json\/wp\/v2\/posts\/614343\/revisions"}],"wp:featuredmedia":[{"embeddable":true,"href":"https:\/\/www.europesays.com\/fr\/wp-json\/wp\/v2\/media\/614344"}],"wp:attachment":[{"href":"https:\/\/www.europesays.com\/fr\/wp-json\/wp\/v2\/media?parent=614343"}],"wp:term":[{"taxonomy":"category","embeddable":true,"href":"https:\/\/www.europesays.com\/fr\/wp-json\/wp\/v2\/categories?post=614343"},{"taxonomy":"post_tag","embeddable":true,"href":"https:\/\/www.europesays.com\/fr\/wp-json\/wp\/v2\/tags?post=614343"}],"curies":[{"name":"wp","href":"https:\/\/api.w.org\/{rel}","templated":true}]}}