{"id":614349,"date":"2025-12-21T19:06:23","date_gmt":"2025-12-21T19:06:23","guid":{"rendered":"https:\/\/www.europesays.com\/fr\/614349\/"},"modified":"2025-12-21T19:06:23","modified_gmt":"2025-12-21T19:06:23","slug":"un-bon-bilan-pour-les-auteurs-et-artistes-haute-garonne-tournefeuille","status":"publish","type":"post","link":"https:\/\/www.europesays.com\/fr\/614349\/","title":{"rendered":"Un bon bilan pour les auteurs et artistes &#8211; Haute Garonne &#8211; Tournefeuille"},"content":{"rendered":"<p>                    <img width=\"2453\" height=\"1407\" src=\"https:\/\/www.europesays.com\/fr\/wp-content\/uploads\/2025\/12\/Les-artistes-et-auteurs-de-la-delegation-reunis-au-printemps-dernier.jpg\" class=\"img-fluid landscape wp-post-image\" alt=\"Les artistes et auteurs de la d\u00e9l\u00e9gation r\u00e9unis au printemps dernier\" itemprop=\"image\" decoding=\"async\" fetchpriority=\"high\"  \/>                    <\/p>\n<p itemprop=\"name\">\n                                                Les artistes et auteurs de la d\u00e9l\u00e9gation r\u00e9unis au printemps dernier\n                                            <\/p>\n<p>Alors que l\u2019ann\u00e9e se termine, la Soci\u00e9t\u00e9 des Po\u00e8tes et Artistes de France (S.P.A.F.) Occitanie, men\u00e9e par l\u2019auteur Richard Maggiore et repr\u00e9sent\u00e9e en Haute-Garonne par le po\u00e8te tournefeuillais Olivier Gardel-Dubois, dresse un bilan positif. Ainsi, les divers rendez-vous propos\u00e9s ont s\u00e9duit le public comme \u00e0 l\u2019occasion des r\u00e9citals du Printemps des po\u00e8tes et de l\u2019Automne en po\u00e9sie \u00e0 Castelsarrasin et Sor\u00e8ze. D\u2019autres rencontres ont \u00e9galement permis de mettre \u00e0 l\u2019honneur les artistes et auteurs de la r\u00e9gion toulousaine comme lors des \u00ab Dimanches en po\u00e9sie \u00bb propos\u00e9s par Roselyne Morandi, d\u00e9l\u00e9gu\u00e9e S.P.A.F 81. A noter aussi le grand succ\u00e8s remport\u00e9 par le concours litt\u00e9raire organis\u00e9 conjointement avec l\u2019association toulousaine Phil\u00e9mon, pr\u00e9sid\u00e9e par Monique Ruffi\u00e9 de Saint-Blancat et G\u00e9rard Muller.&#13;<br \/>\n&#13;<br \/>\nDe plus amples informations concernant la d\u00e9l\u00e9gation r\u00e9gionale, ses auteurs et son concours litt\u00e9raire 2026 sur le site spafoccitanie.eklablog.com.<\/p>\n<p>                Cet article est r\u00e9serv\u00e9 aux abonn\u00e9s.<\/p>\n<p class=\"signature\" itemscope=\"\" itemprop=\"Author\" itemtype=\"http:\/\/schema.org\/Person\">\n                VLoz\n            <\/p>\n","protected":false},"excerpt":{"rendered":"Les artistes et auteurs de la d\u00e9l\u00e9gation r\u00e9unis au printemps dernier Alors que l\u2019ann\u00e9e se termine, la Soci\u00e9t\u00e9&hellip;\n","protected":false},"author":2,"featured_media":614350,"comment_status":"","ping_status":"","sticky":false,"template":"","format":"standard","meta":{"footnotes":""},"categories":[2816],"tags":[1111,11,1777,674,1011,27,23720,12,2680,301,25,2312],"class_list":{"0":"post-614349","1":"post","2":"type-post","3":"status-publish","4":"format-standard","5":"has-post-thumbnail","7":"category-toulouse","8":"tag-actu","9":"tag-actualites","10":"tag-eu","11":"tag-europe","12":"tag-fr","13":"tag-france","14":"tag-internet-seulement","15":"tag-news","16":"tag-occitanie","17":"tag-premium","18":"tag-republique-francaise","19":"tag-toulouse"},"share_on_mastodon":{"url":"https:\/\/pubeurope.com\/@fr\/115759126954228338","error":""},"_links":{"self":[{"href":"https:\/\/www.europesays.com\/fr\/wp-json\/wp\/v2\/posts\/614349","targetHints":{"allow":["GET"]}}],"collection":[{"href":"https:\/\/www.europesays.com\/fr\/wp-json\/wp\/v2\/posts"}],"about":[{"href":"https:\/\/www.europesays.com\/fr\/wp-json\/wp\/v2\/types\/post"}],"author":[{"embeddable":true,"href":"https:\/\/www.europesays.com\/fr\/wp-json\/wp\/v2\/users\/2"}],"replies":[{"embeddable":true,"href":"https:\/\/www.europesays.com\/fr\/wp-json\/wp\/v2\/comments?post=614349"}],"version-history":[{"count":0,"href":"https:\/\/www.europesays.com\/fr\/wp-json\/wp\/v2\/posts\/614349\/revisions"}],"wp:featuredmedia":[{"embeddable":true,"href":"https:\/\/www.europesays.com\/fr\/wp-json\/wp\/v2\/media\/614350"}],"wp:attachment":[{"href":"https:\/\/www.europesays.com\/fr\/wp-json\/wp\/v2\/media?parent=614349"}],"wp:term":[{"taxonomy":"category","embeddable":true,"href":"https:\/\/www.europesays.com\/fr\/wp-json\/wp\/v2\/categories?post=614349"},{"taxonomy":"post_tag","embeddable":true,"href":"https:\/\/www.europesays.com\/fr\/wp-json\/wp\/v2\/tags?post=614349"}],"curies":[{"name":"wp","href":"https:\/\/api.w.org\/{rel}","templated":true}]}}