{"id":614351,"date":"2025-12-21T19:07:13","date_gmt":"2025-12-21T19:07:13","guid":{"rendered":"https:\/\/www.europesays.com\/fr\/614351\/"},"modified":"2025-12-21T19:07:13","modified_gmt":"2025-12-21T19:07:13","slug":"qui-est-ce-pilier-de-toulouse-qui-rejoint-oyonnax","status":"publish","type":"post","link":"https:\/\/www.europesays.com\/fr\/614351\/","title":{"rendered":"qui est ce pilier de Toulouse qui rejoint Oyonnax"},"content":{"rendered":"<p>                    Par<br \/>\n        <strong><br \/>\n            <a href=\"https:\/\/actu.fr\/auteur\/clement-mazella\" title=\"Consulter tous les articles de Cl\u00e9ment Mazella\" target=\"_blank\" rel=\"noopener\">Cl\u00e9ment Mazella<\/a><br \/>\n                    <\/strong><\/p>\n<p>        Publi\u00e9 le<\/p>\n<p>            21 d\u00e9c. 2025 \u00e0 19h10        <\/p>\n<p>Dimanche 21 d\u00e9cembre, le club d\u2019<a href=\"https:\/\/actu.fr\/tag\/us-oyonnax\" target=\"_blank\" rel=\"noopener\">Oyonnax<\/a> a officialis\u00e9 <strong>la venue en pr\u00eat<\/strong>, jusqu\u2019\u00e0 la fin de la saison, du jeune pilier international U20 de <a href=\"https:\/\/actu.fr\/tag\/stade-toulousain\" target=\"_blank\" rel=\"noopener\">Toulouse<\/a> <strong>Mohamed Megherbi<\/strong> (20 ans). Le colosse n\u2019avait pas encore eu la possibilit\u00e9 de jouer en premi\u00e8re avec les Rouge et Noir. Et comme Toulouse voit d\u2019un tr\u00e8s bon \u0153il l\u2019envoi de ses jeunes en pr\u00eat en Pro D2, Megherbi rejoint l\u2019Ain pour <strong>gagner du temps de jeu<\/strong> et compenser l\u2019absence pour un petit moment d\u2019Ali Oz, bless\u00e9 \u00e0 un mollet.<\/p>\n<p>Il a perdu 23 kilos<\/p>\n<p class=\" wall-content\">Mohamed Megherbi, c\u2019est un vrai colosse. 1,91m pour 138 kilos. De quoi bien caler le flanc droit de la m\u00eal\u00e9e. Mais le jeune Toulousain n\u2019a pas toujours \u00e9t\u00e9 \u00e0 ce poids. En effet, <strong>il a pes\u00e9 jusqu\u2019\u00e0 161 kilos<\/strong>, ce qui l\u2019a contraint \u00e0 mener <a href=\"https:\/\/actu.fr\/sports\/rugby\/xv-de-france\/un-temps-j-ai-pese-161-kilos-il-a-mene-un-incroyable-combat-pour-devenir-international-u20_62878584.html\" target=\"_blank\" rel=\"noopener\">un sacr\u00e9 combat<\/a> pour fondre et ainsi gagner en mobilit\u00e9.<\/p>\n<p class=\" wall-content\">\u00ab\u00a0J\u2019ai commenc\u00e9 \u00e0 travailler sur mon poids avec le Stade Toulousain. J\u2019ai fait beaucoup de pr\u00e9paration physique et un travail sur l\u2019alimentation. J\u2019ai essay\u00e9 de manger diff\u00e9remment\u00a0\u00bb, nous racontait l\u2019int\u00e9ress\u00e9 en juillet dernier. Cela n\u2019a pas march\u00e9 de suite. Il a fallu du temps. Lorsqu\u2019il a int\u00e9gr\u00e9 les Espoirs \u00e0 Toulouse, il affichait 156 kilos sur la balance.\u00a0<\/p>\n<p class=\" wall-content\">Et puis, en 6 mois, le travail a pay\u00e9, jusqu\u2019\u00e0 descendre \u00e0 138 kilos. \u00ab\u00a0Je me sens mieux, c\u2019est ind\u00e9niable : <strong>c\u2019est comme si j\u2019avais un gilet lest\u00e9 et qu\u2019on me l\u2019enl\u00e8ve d\u2019un coup<\/strong>. Sur le terrain, ce n\u2019est plus pareil\u00a0\u00bb.\u00a0<\/p>\n<p>Issu du quartier de la Reynerie<\/p>\n<p class=\" wall-content\">Petit, Mohamed Megherbi ne connaissait pas grand-chose du rugby. \u00ab\u00a0Ce n\u2019\u00e9tait pas du tout dans ma culture\u00a0\u00bb, avouait-il, lui qui est issu du <strong>quartier de la Reynerie<\/strong> \u00e0 Toulouse. Ado, il s\u2019y est mis, et son profil hors norme a vite \u00e9t\u00e9 rep\u00e9r\u00e9 par les \u00e9ducateurs du Stade Toulousain, qui lui ont propos\u00e9 de rejoindre le club en 2019.\u00a0<\/p>\n<p class=\" wall-content\">La fili\u00e8re France jeunes, Mohamed Megherbi a mis du temps avant de l\u2019int\u00e9grer. Mais sa solidit\u00e9 en m\u00eal\u00e9e ferm\u00e9e, sa pr\u00e9sence d\u00e9fensive et sa densit\u00e9 sur les impacts n\u2019ont pas \u00e9chapp\u00e9 au s\u00e9lectionneur de France U20 C\u00e9dric Laborde.<\/p>\n<p class=\" wall-content\">D\u00e8s ses premiers pas avec les Bleuets, il a convaincu. Megherbi a \u00e9t\u00e9 un cadre de l\u2019\u00e9quipe de France U20 qui a d\u00e9croch\u00e9 la victoire dans le Tournoi des 6 Nations (il a jou\u00e9 les 5 matchs, dont 4 fois titulaire).<\/p>\n<p class=\" wall-content\">Retenu pour la Coupe du monde U20, le pilier droit de Toulouse a particip\u00e9 \u00e0 toutes les rencontres (5, dont 4 fois titulaire), se montrant \u00e0 son avantage. \u00ab\u00a0J\u2019ai toujours r\u00eav\u00e9 de porter ce maillot depuis que j\u2019ai commenc\u00e9. D\u2019avoir accompli \u00e7a, c\u2019est fort. La famille et le quartier sont tr\u00e8s fiers de moi\u00a0\u00bb, disait-il l\u2019\u00e9t\u00e9 dernier.<\/p>\n<p>Votre r\u00e9gion, votre actu !<\/p>\n<p>Recevez chaque jour les infos qui comptent pour vous.<\/p>\n<p>\t<a href=\"https:\/\/actu.fr\/newsletter\" class=\"ac-btn ac-btn--corner ac-btn--medium ac-btn--blue800\" target=\"_blank\" rel=\"noopener\">S&rsquo;incrire<\/a><br \/>\nIl n\u2019a jamais jou\u00e9 en premi\u00e8re \u00e0 Toulouse<\/p>\n<p class=\" wall-content\">Mohamed Megherbi, c\u2019est la rel\u00e8ve \u00e0 Toulouse au poste de pilier droit. Champion de France Crabos (2022, 2023) puis Espoirs (2024), le club haut-garonnais fonde pas mal d\u2019espoirs sur lui. Mais la concurrence est rude, avec les Merkler, Aldegheri, Colombe, Mallez ou Ainu\u2019u.<\/p>\n<p class=\" wall-content\">S\u2019il a particip\u00e9 au match amical \u00e0 Vannes durant l\u2019\u00e9t\u00e9, Mohamed Megherbi n\u2019a encore jamais jou\u00e9 en premi\u00e8re avec Toulouse. Son pr\u00eat \u00e0 Oyonnax est une aubaine. Toulouse appr\u00e9cie de donner du temps de jeunes \u00e0 ses jeunes en Pro D2, comme il le fait actuellement avec <strong>Delpy<\/strong> (Colomiers) ou <strong>Hawkes<\/strong> et <strong>Portat<\/strong> (Provence Rugby).<\/p>\n<p class=\" wall-content\">Personnalisez votre actualit\u00e9 en ajoutant vos villes et m\u00e9dias en favori avec <a href=\"https:\/\/moncompte.actu.fr\" title=\"D\u00e9couvez Mon Actu\" rel=\"nofollow noopener\" data-trk=\"{&quot;cta&quot;:{&quot;action&quot;:&quot;https:\\\/\\\/moncompte.actu.fr&quot;,&quot;category&quot;:&quot;mon compte&quot;,&quot;from&quot;:&quot;article footer&quot;,&quot;name&quot;:&quot;Mon actu&quot;,&quot;type&quot;:&quot;cta&quot;}}\" target=\"_blank\">Mon Actu<\/a>.<\/p>\n","protected":false},"excerpt":{"rendered":"Par Cl\u00e9ment Mazella Publi\u00e9 le 21 d\u00e9c. 2025 \u00e0 19h10 Dimanche 21 d\u00e9cembre, le club d\u2019Oyonnax a officialis\u00e9&hellip;\n","protected":false},"author":2,"featured_media":614352,"comment_status":"","ping_status":"","sticky":false,"template":"","format":"standard","meta":{"footnotes":""},"categories":[2816],"tags":[1111,11,1777,674,1011,27,12,2680,2308,25,479,60,476,2312,72495],"class_list":{"0":"post-614351","1":"post","2":"type-post","3":"status-publish","4":"format-standard","5":"has-post-thumbnail","7":"category-toulouse","8":"tag-actu","9":"tag-actualites","10":"tag-eu","11":"tag-europe","12":"tag-fr","13":"tag-france","14":"tag-news","15":"tag-occitanie","16":"tag-pro-d2","17":"tag-republique-francaise","18":"tag-rugby","19":"tag-sports","20":"tag-stade-toulousain","21":"tag-toulouse","22":"tag-us-oyonnax"},"share_on_mastodon":{"url":"https:\/\/pubeurope.com\/@fr\/115759129760755416","error":""},"_links":{"self":[{"href":"https:\/\/www.europesays.com\/fr\/wp-json\/wp\/v2\/posts\/614351","targetHints":{"allow":["GET"]}}],"collection":[{"href":"https:\/\/www.europesays.com\/fr\/wp-json\/wp\/v2\/posts"}],"about":[{"href":"https:\/\/www.europesays.com\/fr\/wp-json\/wp\/v2\/types\/post"}],"author":[{"embeddable":true,"href":"https:\/\/www.europesays.com\/fr\/wp-json\/wp\/v2\/users\/2"}],"replies":[{"embeddable":true,"href":"https:\/\/www.europesays.com\/fr\/wp-json\/wp\/v2\/comments?post=614351"}],"version-history":[{"count":0,"href":"https:\/\/www.europesays.com\/fr\/wp-json\/wp\/v2\/posts\/614351\/revisions"}],"wp:featuredmedia":[{"embeddable":true,"href":"https:\/\/www.europesays.com\/fr\/wp-json\/wp\/v2\/media\/614352"}],"wp:attachment":[{"href":"https:\/\/www.europesays.com\/fr\/wp-json\/wp\/v2\/media?parent=614351"}],"wp:term":[{"taxonomy":"category","embeddable":true,"href":"https:\/\/www.europesays.com\/fr\/wp-json\/wp\/v2\/categories?post=614351"},{"taxonomy":"post_tag","embeddable":true,"href":"https:\/\/www.europesays.com\/fr\/wp-json\/wp\/v2\/tags?post=614351"}],"curies":[{"name":"wp","href":"https:\/\/api.w.org\/{rel}","templated":true}]}}