{"id":614371,"date":"2025-12-21T19:20:16","date_gmt":"2025-12-21T19:20:16","guid":{"rendered":"https:\/\/www.europesays.com\/fr\/614371\/"},"modified":"2025-12-21T19:20:16","modified_gmt":"2025-12-21T19:20:16","slug":"direct-coupe-de-france-quels-adversaires-pour-le-psg-et-le-paris-fc-suivez-le-tirage-au-sort-des-16es-de-finale","status":"publish","type":"post","link":"https:\/\/www.europesays.com\/fr\/614371\/","title":{"rendered":"DIRECT. Coupe de France : quels adversaires pour le PSG et le Paris FC ? Suivez le tirage au sort des 16es de finale"},"content":{"rendered":"<p>Saisissez votre titre de post ici<\/p>\n<ul>\n<li>Le tirage au sort des seizi\u00e8mes de finale de la Coupe de France sera effectu\u00e9 ce dimanche 21 d\u00e9cembre.<\/li>\n<li>L&rsquo;ensemble des matchs se jouera le week-end du 9 janvier prochain, apr\u00e8s la journ\u00e9e de reprise de la Ligue 1.<\/li>\n<li>Les deux clubs parisiens, le Paris FC et le PSG, ont tous les deux valid\u00e9 leur ticket samedi gr\u00e2ce \u00e0 leurs victoires respectives contre <a href=\"https:\/\/www.leparisien.fr\/sports\/football\/paris-fc\/raon-letape-paris-fc-0-3-sans-briller-les-parisiens-se-qualifient-pour-les-16es-de-finale-de-la-coupe-de-france-20-12-2025-4ISFFI35E5DQ3P7R3TKNBP5U4E.php\" target=\"_blank\" rel=\"noopener\">Raon-L&rsquo;Etape (0-3)<\/a> et <a href=\"https:\/\/www.leparisien.fr\/sports\/football\/psg\/vendee-fontenay-psg-0-4-un-travail-de-pro-signe-dembele-20-12-2025-O26MRMJRVZH5DNHHBGMFKEWSEI.php\" target=\"_blank\" rel=\"noopener\">Vend\u00e9e Fontenay (4-0)<\/a>.<\/li>\n<li>Apr\u00e8s le tirage, il restera un ultime match de 32es \u00e0 disputer : l&rsquo;OL contre Saint-Cyr-Collonges ce dimanche soir \u00e0 21 heures.<\/li>\n<\/ul>\n","protected":false},"excerpt":{"rendered":"Saisissez votre titre de post ici Le tirage au sort des seizi\u00e8mes de finale de la Coupe de&hellip;\n","protected":false},"author":2,"featured_media":614372,"comment_status":"","ping_status":"","sticky":false,"template":"","format":"standard","meta":{"footnotes":""},"categories":[1888],"tags":[11,1777,674,72505,1011,27,11043,12,241,626,93,25,517,32098],"class_list":{"0":"post-614371","1":"post","2":"type-post","3":"status-publish","4":"format-standard","5":"has-post-thumbnail","7":"category-paris","8":"tag-actualites","9":"tag-eu","10":"tag-europe","11":"tag-fffootball","12":"tag-fr","13":"tag-france","14":"tag-illustration","15":"tag-news","16":"tag-ol","17":"tag-paris","18":"tag-psg","19":"tag-republique-francaise","20":"tag-sport","21":"tag-trophee"},"share_on_mastodon":{"url":"https:\/\/pubeurope.com\/@fr\/115759180954377024","error":""},"_links":{"self":[{"href":"https:\/\/www.europesays.com\/fr\/wp-json\/wp\/v2\/posts\/614371","targetHints":{"allow":["GET"]}}],"collection":[{"href":"https:\/\/www.europesays.com\/fr\/wp-json\/wp\/v2\/posts"}],"about":[{"href":"https:\/\/www.europesays.com\/fr\/wp-json\/wp\/v2\/types\/post"}],"author":[{"embeddable":true,"href":"https:\/\/www.europesays.com\/fr\/wp-json\/wp\/v2\/users\/2"}],"replies":[{"embeddable":true,"href":"https:\/\/www.europesays.com\/fr\/wp-json\/wp\/v2\/comments?post=614371"}],"version-history":[{"count":0,"href":"https:\/\/www.europesays.com\/fr\/wp-json\/wp\/v2\/posts\/614371\/revisions"}],"wp:featuredmedia":[{"embeddable":true,"href":"https:\/\/www.europesays.com\/fr\/wp-json\/wp\/v2\/media\/614372"}],"wp:attachment":[{"href":"https:\/\/www.europesays.com\/fr\/wp-json\/wp\/v2\/media?parent=614371"}],"wp:term":[{"taxonomy":"category","embeddable":true,"href":"https:\/\/www.europesays.com\/fr\/wp-json\/wp\/v2\/categories?post=614371"},{"taxonomy":"post_tag","embeddable":true,"href":"https:\/\/www.europesays.com\/fr\/wp-json\/wp\/v2\/tags?post=614371"}],"curies":[{"name":"wp","href":"https:\/\/api.w.org\/{rel}","templated":true}]}}