{"id":614373,"date":"2025-12-21T19:21:17","date_gmt":"2025-12-21T19:21:17","guid":{"rendered":"https:\/\/www.europesays.com\/fr\/614373\/"},"modified":"2025-12-21T19:21:17","modified_gmt":"2025-12-21T19:21:17","slug":"les-discussions-se-poursuivent-a-miami-une-nouvelle-reunion-prevue-dimanche-entre-les-americains-et-les-ukrainiens","status":"publish","type":"post","link":"https:\/\/www.europesays.com\/fr\/614373\/","title":{"rendered":"les discussions se poursuivent \u00e0 Miami\u00a0; une nouvelle r\u00e9union pr\u00e9vue dimanche entre les Am\u00e9ricains et les Ukrainiens"},"content":{"rendered":"<p>   L\u2019Ukraine annonce qu\u2019elle s\u2019efforce de repousser une tentative de perc\u00e9e des troupes russes pr\u00e8s de Soumy, dans le nord-est du pays                        <\/p>\n<p class=\"post__live-container--answer-text post__space-node\">\u00ab\u00a0Des combats sont en cours dans le village de Hrabovske\u00a0\u00bb, ont d\u00e9clar\u00e9 les forces ukrainiennes, ajoutant que \u00ab\u00a0les d\u00e9fenseurs ukrainiens s\u2019emploient \u00e0 repousser les occupants vers le territoire russe\u00a0\u00bb, et d\u00e9mentent la pr\u00e9sence de soldats russes dans le village voisin de Riasne. Cette zone frontali\u00e8re, \u00e0 l\u2019est de la ville de Soumy, avait \u00e9t\u00e9 jusqu\u2019\u00e0 pr\u00e9sent relativement \u00e9pargn\u00e9e, apr\u00e8s une contre-offensive \u00e9clair ukrainienne \u00e0 l\u2019issue de laquelle les unit\u00e9s russes avaient \u00e9t\u00e9 repouss\u00e9es en\u00a02022.<\/p>\n<p class=\"post__live-container--answer-text post__space-node\">Le m\u00e9diateur pour les droits humains ukrainien, Dmytro Lubinets, a accus\u00e9, dimanche <a href=\"https:\/\/t.me\/dmytro_lubinetzs\/10670\" target=\"_blank\" rel=\"noopener\" title=\"Nouvelle fen\u00eatre\">sur Telegram<\/a>, les Russes d\u2019avoir \u00ab\u00a0emmen\u00e9 de force\u00a0\u00bb une cinquantaine de civils ukrainiens de Hrabovske vers la Russie. Citant des informations pr\u00e9liminaires, il a affirm\u00e9 que les soldats russes les avaient \u00ab\u00a0ill\u00e9galement arr\u00eat\u00e9s\u00a0\u00bb jeudi, priv\u00e9s de communication, puis \u00ab\u00a0emmen\u00e9s de force sur le territoire de la F\u00e9d\u00e9ration de Russie\u00a0\u00bb samedi. La Russie n\u2019a, pour l\u2019heure, pas fait de commentaires officiels \u00e0 ce sujet, mais a revendiqu\u00e9, samedi, la prise du village de Vyssoke, proche de Hrabovske. Des \u00e9vacuations de civils \u00e9taient en cours dans cette zone.<\/p>\n<p class=\"post__live-container--answer-text post__space-node\">Le chef de l\u2019administration militaire r\u00e9gionale, <a href=\"https:\/\/t.me\/hryhorov_oleg\/1343\" target=\"_blank\" rel=\"noopener\" title=\"Nouvelle fen\u00eatre\">Oleh Hryhorov<\/a>, a enjoint \u00e0 la population d\u2019\u00e9vacuer \u00ab\u00a0pour sauver des vies\u00a0\u00bb. \u00ab\u00a0L\u2019ennemi ne laisse pas d\u2019autre choix aux habitants des localit\u00e9s proches de la fronti\u00e8re\u00a0\u00bb, a-t-il d\u00e9clar\u00e9 sur Telegram dimanche.<\/p>\n","protected":false},"excerpt":{"rendered":"L\u2019Ukraine annonce qu\u2019elle s\u2019efforce de repousser une tentative de perc\u00e9e des troupes russes pr\u00e8s de Soumy, dans le&hellip;\n","protected":false},"author":2,"featured_media":614374,"comment_status":"","ping_status":"","sticky":false,"template":"","format":"standard","meta":{"footnotes":""},"categories":[1591],"tags":[11,1887,12,1885,1886,132],"class_list":{"0":"post-614373","1":"post","2":"type-post","3":"status-publish","4":"format-standard","5":"has-post-thumbnail","7":"category-russie","8":"tag-actualites","9":"tag-federation-de-russie","10":"tag-news","11":"tag-russia","12":"tag-russian-federation","13":"tag-russie"},"share_on_mastodon":{"url":"https:\/\/pubeurope.com\/@fr\/115759184879480842","error":""},"_links":{"self":[{"href":"https:\/\/www.europesays.com\/fr\/wp-json\/wp\/v2\/posts\/614373","targetHints":{"allow":["GET"]}}],"collection":[{"href":"https:\/\/www.europesays.com\/fr\/wp-json\/wp\/v2\/posts"}],"about":[{"href":"https:\/\/www.europesays.com\/fr\/wp-json\/wp\/v2\/types\/post"}],"author":[{"embeddable":true,"href":"https:\/\/www.europesays.com\/fr\/wp-json\/wp\/v2\/users\/2"}],"replies":[{"embeddable":true,"href":"https:\/\/www.europesays.com\/fr\/wp-json\/wp\/v2\/comments?post=614373"}],"version-history":[{"count":0,"href":"https:\/\/www.europesays.com\/fr\/wp-json\/wp\/v2\/posts\/614373\/revisions"}],"wp:featuredmedia":[{"embeddable":true,"href":"https:\/\/www.europesays.com\/fr\/wp-json\/wp\/v2\/media\/614374"}],"wp:attachment":[{"href":"https:\/\/www.europesays.com\/fr\/wp-json\/wp\/v2\/media?parent=614373"}],"wp:term":[{"taxonomy":"category","embeddable":true,"href":"https:\/\/www.europesays.com\/fr\/wp-json\/wp\/v2\/categories?post=614373"},{"taxonomy":"post_tag","embeddable":true,"href":"https:\/\/www.europesays.com\/fr\/wp-json\/wp\/v2\/tags?post=614373"}],"curies":[{"name":"wp","href":"https:\/\/api.w.org\/{rel}","templated":true}]}}