{"id":614379,"date":"2025-12-21T19:24:16","date_gmt":"2025-12-21T19:24:16","guid":{"rendered":"https:\/\/www.europesays.com\/fr\/614379\/"},"modified":"2025-12-21T19:24:16","modified_gmt":"2025-12-21T19:24:16","slug":"le-royaume-uni-espere-que-la-legislation-allemande-limitera-le-nombre-de-migrants-qui-traversent-la-frontiere-business-am","status":"publish","type":"post","link":"https:\/\/www.europesays.com\/fr\/614379\/","title":{"rendered":"Le Royaume-Uni esp\u00e8re que la l\u00e9gislation allemande limitera le nombre de migrants qui traversent la fronti\u00e8re &#8211; Business AM"},"content":{"rendered":"<p>Principaux renseignements<\/p>\n<ul class=\"wp-block-list\">\n<li><strong>Le gouvernement britannique estime qu\u2019une nouvelle l\u00e9gislation allemande emp\u00eachera les r\u00e9seaux de passeurs de fournir des bateaux et des moteurs pour les travers\u00e9es de la Manche.<\/strong><\/li>\n<li><strong>Ce changement juridique renforce la collaboration entre le Royaume-Uni et l\u2019Allemagne, en facilitant le partage d\u2019informations et les efforts d\u2019application de la loi pour freiner l\u2019immigration clandestine.<\/strong><\/li>\n<li><strong>La coop\u00e9ration internationale reste essentielle pour d\u00e9manteler les gangs de passeurs transnationaux et r\u00e9soudre efficacement le probl\u00e8me de la migration des petits bateaux.<\/strong><\/li>\n<\/ul>\n<p>Le gouvernement britannique a bon espoir qu\u2019une r\u00e9cente modification de la l\u00e9gislation allemande permettra de r\u00e9duire le flux de migrants traversant la Manche \u00e0 bord de petites embarcations. Cette nouvelle l\u00e9gislation, qui criminalise la facilitation du trafic de migrants vers le Royaume-Uni, a \u00e9t\u00e9 adopt\u00e9e par les l\u00e9gislateurs allemands apr\u00e8s plus d\u2019un an d\u2019accord.<\/p>\n<p>R\u00e9seaux de passeurs<\/p>\n<p>Les ministres britanniques estiment que cette loi emp\u00eachera les bandes de passeurs d\u2019entreposer <a href=\"https:\/\/fr.businessam.be\/lallemagne-suspend-la-reinstallation-des-refugies-de-lonu-dans-un-contexte-de-durcissement-de-la-politique-dimmigration\/\" target=\"_blank\" rel=\"noopener\">des bateaux et des moteurs en Allemagne<\/a> avant de les transporter en France pour les travers\u00e9es de la Manche. Ce changement devrait renforcer la coop\u00e9ration existante entre les services r\u00e9pressifs et l\u2019\u00e9change d\u2019informations entre le Royaume-Uni et l\u2019Allemagne.<\/p>\n<p>La ministre de l\u2019Int\u00e9rieur, Shabana Mahmood, a exprim\u00e9 sa gratitude au ministre allemand de l\u2019Int\u00e9rieur, Alexander Dobrindt, pour la solide collaboration de son pays dans la r\u00e9solution de ce probl\u00e8me. Elle a soulign\u00e9 l\u2019engagement du gouvernement \u00e0 r\u00e9tablir l\u2019ordre aux fronti\u00e8res en augmentant les renvois et en \u00e9liminant les incitations qui attirent l\u2019immigration clandestine.<\/p>\n<p>Nombre de passages<\/p>\n<p>La loi devrait \u00eatre appliqu\u00e9e d\u2019ici la fin de l\u2019ann\u00e9e. Alors que les dix premiers mois de l\u2019ann\u00e9e 2025 ont \u00e9t\u00e9 marqu\u00e9s par des travers\u00e9es record de petits bateaux, le nombre total d\u2019arriv\u00e9es \u00e0 travers la Manche est depuis retomb\u00e9 en dessous du pic observ\u00e9 en 2022.<\/p>\n<p>L\u2019immigration ill\u00e9gale par petits bateaux est devenue un sujet tr\u00e8s controvers\u00e9 dans la politique britannique, refl\u00e9tant la frustration du public face aux niveaux d\u2019immigration et au manque per\u00e7u de contr\u00f4le de la part des gouvernements successifs. Le Premier ministre Keir Starmer a abandonn\u00e9 le programme d\u2019expulsion du Rwanda, optant plut\u00f4t pour \u00ab\u00a0l\u2019\u00e9limination des gangs\u00a0\u00bb avant sa victoire \u00e9lectorale.<\/p>\n<p>Voies d\u2019asile s\u00fbres<\/p>\n<p>Cependant, l\u2019incapacit\u00e9 \u00e0 r\u00e9duire de mani\u00e8re significative le nombre de travers\u00e9es a \u00e9t\u00e9 critiqu\u00e9e par les conservateurs et le Parti r\u00e9formateur. Des militants comme Zack Polanski, du Parti vert, ont appel\u00e9 \u00e0 la mise en place de routes d\u2019asile s\u00fbres afin de d\u00e9courager les travers\u00e9es clandestines.<\/p>\n<p>La ministre des Affaires \u00e9trang\u00e8res, Yvette Cooper, a soulign\u00e9 la nature transnationale des bandes criminelles de passeurs, en insistant sur la n\u00e9cessit\u00e9 d\u2019une coop\u00e9ration internationale entre les gouvernements et les organismes charg\u00e9s de l\u2019application de la loi pour d\u00e9manteler ces r\u00e9seaux. Elle a salu\u00e9 le changement juridique intervenu en Allemagne, fruit d\u2019un partenariat \u00e9troit dans la lutte contre l\u2019immigration clandestine et la criminalit\u00e9 organis\u00e9e li\u00e9e \u00e0 l\u2019immigration, et s\u2019est engag\u00e9e \u00e0 poursuivre les efforts visant \u00e0 renforcer la s\u00e9curit\u00e9 aux fronti\u00e8res par le biais de la collaboration internationale.<\/p>\n<p>Adrian Matthews, directeur du renseignement \u00e0 la National Crime Agency, s\u2019est f\u00e9licit\u00e9 du changement l\u00e9gislatif intervenu en Allemagne, anticipant sa contribution aux efforts en cours pour lutter contre la menace des petites embarcations. Il a soulign\u00e9 le r\u00f4le crucial jou\u00e9 par les partenaires allemands dans la perturbation des groupes criminels organis\u00e9s op\u00e9rant sur le continent. (fc)<\/p>\n<p><a href=\"https:\/\/news.google.com\/publications\/CAowtseUCw?hl=fr&amp;gl=BE&amp;ceid=BE%3Afr\" target=\"_blank\" rel=\"noopener\">Suivez \u00e9galement Business AM sur Google Actualit\u00e9s<\/a><\/p>\n<p><a href=\"https:\/\/portalfr.businessam.be\/plans\/business-am-fr-offre-dete\/\" target=\"_blank\" rel=\"noopener\">Si vous souhaitez acc\u00e9der \u00e0 tous les articles, abonnez-vous ici!<\/a><\/p>\n","protected":false},"excerpt":{"rendered":"Principaux renseignements Le gouvernement britannique estime qu\u2019une nouvelle l\u00e9gislation allemande emp\u00eachera les r\u00e9seaux de passeurs de fournir des&hellip;\n","protected":false},"author":2,"featured_media":614380,"comment_status":"","ping_status":"","sticky":false,"template":"","format":"standard","meta":{"footnotes":""},"categories":[1588],"tags":[11,672,1777,674,27,37424,1251,12,473,1853,1851,1850,1852],"class_list":{"0":"post-614379","1":"post","2":"type-post","3":"status-publish","4":"format-standard","5":"has-post-thumbnail","7":"category-royaume-uni","8":"tag-actualites","9":"tag-allemagne","10":"tag-eu","11":"tag-europe","12":"tag-france","13":"tag-la-manche","14":"tag-migrants","15":"tag-news","16":"tag-royaume-uni","17":"tag-royaume-uni-de-grande-bretagne-et-dirlande-du-nord","18":"tag-uk","19":"tag-united-kingdom","20":"tag-united-kingdom-of-great-britain-and-northern-ireland"},"share_on_mastodon":{"url":"https:\/\/pubeurope.com\/@fr\/115759196675866414","error":""},"_links":{"self":[{"href":"https:\/\/www.europesays.com\/fr\/wp-json\/wp\/v2\/posts\/614379","targetHints":{"allow":["GET"]}}],"collection":[{"href":"https:\/\/www.europesays.com\/fr\/wp-json\/wp\/v2\/posts"}],"about":[{"href":"https:\/\/www.europesays.com\/fr\/wp-json\/wp\/v2\/types\/post"}],"author":[{"embeddable":true,"href":"https:\/\/www.europesays.com\/fr\/wp-json\/wp\/v2\/users\/2"}],"replies":[{"embeddable":true,"href":"https:\/\/www.europesays.com\/fr\/wp-json\/wp\/v2\/comments?post=614379"}],"version-history":[{"count":0,"href":"https:\/\/www.europesays.com\/fr\/wp-json\/wp\/v2\/posts\/614379\/revisions"}],"wp:featuredmedia":[{"embeddable":true,"href":"https:\/\/www.europesays.com\/fr\/wp-json\/wp\/v2\/media\/614380"}],"wp:attachment":[{"href":"https:\/\/www.europesays.com\/fr\/wp-json\/wp\/v2\/media?parent=614379"}],"wp:term":[{"taxonomy":"category","embeddable":true,"href":"https:\/\/www.europesays.com\/fr\/wp-json\/wp\/v2\/categories?post=614379"},{"taxonomy":"post_tag","embeddable":true,"href":"https:\/\/www.europesays.com\/fr\/wp-json\/wp\/v2\/tags?post=614379"}],"curies":[{"name":"wp","href":"https:\/\/api.w.org\/{rel}","templated":true}]}}