{"id":614381,"date":"2025-12-21T19:25:17","date_gmt":"2025-12-21T19:25:17","guid":{"rendered":"https:\/\/www.europesays.com\/fr\/614381\/"},"modified":"2025-12-21T19:25:17","modified_gmt":"2025-12-21T19:25:17","slug":"allemagne-le-bayern-de-vincent-kompany-champion-dautomne-avant-les-fetes-de-fin-dannee","status":"publish","type":"post","link":"https:\/\/www.europesays.com\/fr\/614381\/","title":{"rendered":"Allemagne: le Bayern de Vincent Kompany champion d&rsquo;automne avant les f\u00eates de fin d&rsquo;ann\u00e9e"},"content":{"rendered":"<p class=\"ap-StoryElement ap-StoryElement--mb ap-StoryText\">Dimanche, dans le froid (autour de 1\u00b0C), Vincent Kompany a d\u00fb composer avec les joueurs suspendu (Konrad Laimer), bless\u00e9s (Manuel Neuer, Joshua Kimmich), malades (Sacha Boey, Aleksandar Pavlovic, Tom Bischof et Kim Min-jae), retenu en s\u00e9lection (Nicolas Jacskson avec le S\u00e9n\u00e9gal \u00e0 la CAN) ou en phase de reprise (Jamal Musiala).<\/p>\n<p><a href=\"https:\/\/www.dhnet.be\/sports\/football\/2025\/12\/15\/trophee-raymond-goethals-vincent-kompany-recompense-devant-hayen-et-pocognoli-AA3VIFHQAFB25GJSOYVJPVYKKE\/\" target=\"_self\" class=\"ap-StoryInterstitialLink ap-StoryElement ap-StoryElement--mb\" rel=\"nofollow noopener\">Nouveau sacre pour Vincent Kompany au Troph\u00e9e Raymond Goethals, Nathan De Cat re\u00e7oit sa premi\u00e8re grande r\u00e9compense!<\/a>19e but pour Kane<\/p>\n<p class=\"ap-StoryElement ap-StoryElement--mb ap-StoryText\">Malgr\u00e9 cette cascade d&rsquo;absences, les co\u00e9quipiers de Harry Kane, capitaine pour la premi\u00e8re fois sous le maillot du Bayern depuis son arriv\u00e9e \u00e0 l&rsquo;\u00e9t\u00e9 2023, ont su se faciliter la t\u00e2che en marquant deux fois en premi\u00e8re p\u00e9riode, par Josip Stanisic (15e) et Michael Olise (32e).<\/p>\n<p class=\"ap-StoryElement ap-StoryElement--mb ap-StoryText\">L&rsquo;international fran\u00e7ais a inscrit dimanche son 7e but en Bundesliga. Toutes comp\u00e9titions confondues, et en prenant en compte ses passes d\u00e9cisives, Olise est directement impliqu\u00e9 sur 26 des 85 buts munichois depuis le d\u00e9but de la saison.<\/p>\n<p class=\"ap-StoryElement ap-StoryElement--mb ap-StoryText\">En seconde p\u00e9riode, Heidenheim a touch\u00e9 la barre transversale de Jonas Urbig par Stefan Schimmer (56e).<\/p>\n<p><a href=\"https:\/\/www.dhnet.be\/sports\/football\/europe\/c1\/2025\/11\/26\/vincent-kompany-innove-encore-a-quoi-sert-le-mysterieux-patch-sur-les-oreilles-de-ses-joueurs-XGRECIRLWBHYBA7ETEL32QAYFQ\/\" target=\"_self\" class=\"ap-StoryInterstitialLink ap-StoryElement ap-StoryElement--mb\" rel=\"nofollow noopener\">Vincent Kompany innove encore : \u00e0 quoi sert le myst\u00e9rieux \u00ab\u00a0patch\u00a0\u00bb sur les oreilles de ses joueurs ?<\/a><\/p>\n<p class=\"ap-StoryElement ap-StoryElement--mb ap-StoryText\">En toute fin de match, Luis Diaz et Harry Kane ont assur\u00e9 un large succ\u00e8s aux Munichois. Le capitaine et meilleur buteur de la s\u00e9lection anglaise a inscrit son 19e but de la saison en Bundesliga, pour un total de 30 (5 en Ligue des champions, 5 en Coupe, 1 en Supercoupe) depuis le d\u00e9but de l&rsquo;exercice 2025\/26.<\/p>\n<p class=\"ap-StoryElement ap-StoryElement--mb ap-StoryText\">Heidenheim s&rsquo;est montr\u00e9 un peu plus souvent devant le but d&rsquo;Urbig en seconde p\u00e9riode. Les Munichois sont toutefois parvenus \u00e0 boucler un huiti\u00e8me match de Bundesliga cette saison sans prendre de but.<\/p>\n<p class=\"ap-StoryElement ap-StoryElement--mb ap-StoryText\">Apr\u00e8s les trois semaines de tr\u00eave hivernale, le Bayern recevra Wolfsburg \u00e0 l&rsquo;Allianz Arena le dimanche 11 janvier, en cl\u00f4ture de la 16e journ\u00e9e du championnat.<\/p>\n","protected":false},"excerpt":{"rendered":"Dimanche, dans le froid (autour de 1\u00b0C), Vincent Kompany a d\u00fb composer avec les joueurs suspendu (Konrad Laimer),&hellip;\n","protected":false},"author":2,"featured_media":614382,"comment_status":"","ping_status":"","sticky":false,"template":"","format":"standard","meta":{"footnotes":""},"categories":[1587],"tags":[11,72508,672,1804,1805,1803,1777,674,2257,3021,1801,17523,72511,72513,72506,17529,72512,72510,54902,17531,4785,12,1802,72507,72514,72509,54897],"class_list":{"0":"post-614381","1":"post","2":"type-post","3":"status-publish","4":"format-standard","5":"has-post-thumbnail","7":"category-allemagne","8":"tag-actualites","9":"tag-aleksandar-pavlovic","10":"tag-allemagne","11":"tag-bundesrepublik-deutschland","12":"tag-de","13":"tag-deutschland","14":"tag-eu","15":"tag-europe","16":"tag-foot","17":"tag-ger","18":"tag-germany","19":"tag-harry-kane","20":"tag-jamal-musiala","21":"tag-jonas-urbig","22":"tag-josep-guardiola","23":"tag-joshua-kimmich","24":"tag-josip-stanisic","25":"tag-kim-min-jae","26":"tag-konrad-laimer","27":"tag-manuel-neuer","28":"tag-michael-olise","29":"tag-news","30":"tag-republique-federale-dallemagne","31":"tag-sacha-boey","32":"tag-stefan-schimmer","33":"tag-tom-bischof","34":"tag-vincent-kompany"},"share_on_mastodon":{"url":"https:\/\/pubeurope.com\/@fr\/115759200636631360","error":""},"_links":{"self":[{"href":"https:\/\/www.europesays.com\/fr\/wp-json\/wp\/v2\/posts\/614381","targetHints":{"allow":["GET"]}}],"collection":[{"href":"https:\/\/www.europesays.com\/fr\/wp-json\/wp\/v2\/posts"}],"about":[{"href":"https:\/\/www.europesays.com\/fr\/wp-json\/wp\/v2\/types\/post"}],"author":[{"embeddable":true,"href":"https:\/\/www.europesays.com\/fr\/wp-json\/wp\/v2\/users\/2"}],"replies":[{"embeddable":true,"href":"https:\/\/www.europesays.com\/fr\/wp-json\/wp\/v2\/comments?post=614381"}],"version-history":[{"count":0,"href":"https:\/\/www.europesays.com\/fr\/wp-json\/wp\/v2\/posts\/614381\/revisions"}],"wp:featuredmedia":[{"embeddable":true,"href":"https:\/\/www.europesays.com\/fr\/wp-json\/wp\/v2\/media\/614382"}],"wp:attachment":[{"href":"https:\/\/www.europesays.com\/fr\/wp-json\/wp\/v2\/media?parent=614381"}],"wp:term":[{"taxonomy":"category","embeddable":true,"href":"https:\/\/www.europesays.com\/fr\/wp-json\/wp\/v2\/categories?post=614381"},{"taxonomy":"post_tag","embeddable":true,"href":"https:\/\/www.europesays.com\/fr\/wp-json\/wp\/v2\/tags?post=614381"}],"curies":[{"name":"wp","href":"https:\/\/api.w.org\/{rel}","templated":true}]}}