{"id":614391,"date":"2025-12-21T19:32:15","date_gmt":"2025-12-21T19:32:15","guid":{"rendered":"https:\/\/www.europesays.com\/fr\/614391\/"},"modified":"2025-12-21T19:32:15","modified_gmt":"2025-12-21T19:32:15","slug":"meme-sans-coric-le-tours-vb-gagne-a-sete","status":"publish","type":"post","link":"https:\/\/www.europesays.com\/fr\/614391\/","title":{"rendered":"m\u00eame sans Coric, le Tours VB gagne \u00e0 S\u00e8te"},"content":{"rendered":"<p><strong>S\u00e8te\u00a0&#8211; Tours\u00a0: 1-3<\/strong><\/p>\n<p>Avant m\u00eame le d\u00e9but de cette rencontre, l\u2019une des infos du jour fut l\u2019absence de Zeljko Coric sur la feuille de match. Touch\u00e9 \u00e0 la cheville <a target=\"_blank\" href=\"https:\/\/www.lanouvellerepublique.fr\/tours\/coupe-de-france-le-tours-vb-qualifie-dans-la-douleur-en-demi-finales-aux-depens-de-saint-nazaire-1765926791\" rel=\"noopener\">mardi en Coupe de France<\/a>, le capitaine du TVB a d\u00fb d\u00e9clarer forfait. C\u2019est donc le jeune\u00a0Samuel Njok-Yanga qui a d\u00fb prendre le relais \u00e0 la passe, ce dimanche, dans la salle de l\u2019Arago.<\/p>\n<p>Cela n\u2019a pas sembl\u00e9 trop d\u00e9s\u00e9quilibrer les Tourangeaux, plus que solides dans la premi\u00e8re manche. S\u2019ils ont \u00e9t\u00e9 men\u00e9s 10-8, ils ont ensuite acc\u00e9l\u00e9r\u00e9, \u00e0 la faveur notamment d\u2019une belle s\u00e9rie au service (16-20), avant de conclure sur une attaque d\u2019Alexandre Strehlau (21-25).<\/p>\n<p>Troisi\u00e8me succ\u00e8s de suite<\/p>\n<p>Avec un 4-0 \u00e0 l\u2019entame du deuxi\u00e8me acte, le TVB a parfaitement effectu\u00e9 la bascule, port\u00e9 par un Nik Mujanovic en rythme. Sur un ace de Strehlau, les Tourangeaux sont m\u00eame rapidement pass\u00e9s \u00e0 +\u00a06 (10-16), s&rsquo;offrant le luxe de g\u00e9rer jusqu\u2019au gain de la manche, tout le monde y allant de sa contribution (20-25).<\/p>\n<p>Les S\u00e9tois ont alors hauss\u00e9 le ton, dans le sillage de Romain Capet (11-8). Le pointu\u00a0Benedikt Sablatnig a pris le relais et les contres ont aussi \u00e9t\u00e9 au rendez-vous (18-11). L&rsquo;Arago est logiquement revenu \u00e0 une manche de Tours (25-16).<\/p>\n<p>Le TVB a r\u00e9attaqu\u00e9 avec force et pr\u00e9cision, son passeur\u00a0Njok-Yanga s\u2019offrant m\u00eame un ace (0-4). S\u00e8te a d\u00fb attendre le septi\u00e8me point pour enfin stopper l\u2019h\u00e9morragie (1-6). Le mal \u00e9tait cependant fait pour eux, car les Tourangeaux \u2013 toujours men\u00e9s par un Strehlau en feu \u2013 n\u2019ont pas rel\u00e2ch\u00e9 la pression par la suite (3-10, puis 8-17 et enfin\u00a015-25), afin de s\u2019offrir un troisi\u00e8me succ\u00e8s cons\u00e9cutif en MSL. Ce r\u00e9sultat permet au TVB de rejoindre Tourcoing en t\u00eate au soir de cette douzi\u00e8me journ\u00e9e.<\/p>\n<p><strong>Les sets\u00a0:<\/strong> 21-25 (30&prime;), 20-25 (24&prime;), 25-16 (25&prime;), 15-25 (24&prime;).<\/p>\n<p class=\"alireaussi\"><b>&gt;\u00a0Rejoignez la communaut\u00e9 NR\u00a0&#8211; Les sports en Touraine sur Facebook.<\/b><\/p>\n","protected":false},"excerpt":{"rendered":"S\u00e8te\u00a0&#8211; Tours\u00a0: 1-3 Avant m\u00eame le d\u00e9but de cette rencontre, l\u2019une des infos du jour fut l\u2019absence de&hellip;\n","protected":false},"author":2,"featured_media":614392,"comment_status":"","ping_status":"","sticky":false,"template":"","format":"standard","meta":{"footnotes":""},"categories":[1417],"tags":[1392,1011,27,1387,1655,60,1390,1471,2767,1470,1469],"class_list":{"0":"post-614391","1":"post","2":"type-post","3":"status-publish","4":"format-standard","5":"has-post-thumbnail","7":"category-volley","8":"tag-a-la-une-local","9":"tag-fr","10":"tag-france","11":"tag-indre-et-loire","12":"tag-ligue-a","13":"tag-sports","14":"tag-tours","15":"tag-tours-volley-ball","16":"tag-tvb-37","17":"tag-volley","18":"tag-volleyball"},"share_on_mastodon":{"url":"https:\/\/pubeurope.com\/@fr\/115759228114346279","error":""},"_links":{"self":[{"href":"https:\/\/www.europesays.com\/fr\/wp-json\/wp\/v2\/posts\/614391","targetHints":{"allow":["GET"]}}],"collection":[{"href":"https:\/\/www.europesays.com\/fr\/wp-json\/wp\/v2\/posts"}],"about":[{"href":"https:\/\/www.europesays.com\/fr\/wp-json\/wp\/v2\/types\/post"}],"author":[{"embeddable":true,"href":"https:\/\/www.europesays.com\/fr\/wp-json\/wp\/v2\/users\/2"}],"replies":[{"embeddable":true,"href":"https:\/\/www.europesays.com\/fr\/wp-json\/wp\/v2\/comments?post=614391"}],"version-history":[{"count":0,"href":"https:\/\/www.europesays.com\/fr\/wp-json\/wp\/v2\/posts\/614391\/revisions"}],"wp:featuredmedia":[{"embeddable":true,"href":"https:\/\/www.europesays.com\/fr\/wp-json\/wp\/v2\/media\/614392"}],"wp:attachment":[{"href":"https:\/\/www.europesays.com\/fr\/wp-json\/wp\/v2\/media?parent=614391"}],"wp:term":[{"taxonomy":"category","embeddable":true,"href":"https:\/\/www.europesays.com\/fr\/wp-json\/wp\/v2\/categories?post=614391"},{"taxonomy":"post_tag","embeddable":true,"href":"https:\/\/www.europesays.com\/fr\/wp-json\/wp\/v2\/tags?post=614391"}],"curies":[{"name":"wp","href":"https:\/\/api.w.org\/{rel}","templated":true}]}}