{"id":614402,"date":"2025-12-21T19:41:50","date_gmt":"2025-12-21T19:41:50","guid":{"rendered":"https:\/\/www.europesays.com\/fr\/614402\/"},"modified":"2025-12-21T19:41:50","modified_gmt":"2025-12-21T19:41:50","slug":"dans-le-monde-fantastique-deva-jospin-8-questions-a-lartiste","status":"publish","type":"post","link":"https:\/\/www.europesays.com\/fr\/614402\/","title":{"rendered":"Dans le monde fantastique d\u2019Eva Jospin : 8 questions \u00e0 l\u2019artiste"},"content":{"rendered":"<p><strong>Vous avez compos\u00e9 des tableaux brod\u00e9s. Comment la broderie intervient dans vos installations ?\u00a0<\/strong><\/p>\n<p>La broderie m\u2019a permis de r\u00e9introduire la couleur dans mon travail et de lui donner une physicalit\u00e9 proche de la sculpture. Les tableaux brod\u00e9s sont r\u00e9alis\u00e9s avec des ateliers sp\u00e9cialis\u00e9s, puis compos\u00e9s par mes soins. Fils, perles et tissus introduisent couleur, relief et densit\u00e9, en dialogue avec le carton. Pour l\u2019exposition, j\u2019ai travaill\u00e9 avec deux ateliers : l\u2019atelier Amal et les brodeurs de Chanakya, dont le savoir-faire se transmet depuis plusieurs g\u00e9n\u00e9rations et qui maintiennent une pratique vivante extr\u00eamement qualifi\u00e9e, comparable \u00e0 celle de la haute couture. Pour moi, la question n\u2019est pas de tout faire moi-m\u00eame, mais de diriger et de composer avec des talents exceptionnels, ce qui rend le processus \u00e0 la fois riche et expansif.<\/p>\n<p><strong>Votre travail \u00e9voque la nature et ses fragilit\u00e9s. Peut-on y voir un engagement \u00e9cologique ?\u00a0<\/strong><\/p>\n<p>Une \u0153uvre d\u2019art est toujours un d\u00e9placement. Mon travail est travers\u00e9 par une inqui\u00e9tude face \u00e0 notre relation \u00e0 la nature et au paysage, pr\u00e9sente comme un \u00ab bruit de fond \u00bb plut\u00f4t que comme un sujet principal. J\u2019explore des espaces archa\u00efques comme la for\u00eat ou la grotte et leur version ma\u00eetris\u00e9e qu\u2019est le jardin, ce qui r\u00e9v\u00e8le notre rapport ambivalent \u00e0 la nature et \u00e0 l\u2019illusion de la ma\u00eetrise. Notre illusion de ma\u00eetriser la nature est peut-\u00eatre ce qui est le plus artificiel.\u202fLes \u00e9l\u00e9ments sont reli\u00e9s entre eux : l\u2019art, comme la nature, fonctionne par \u00e9chos et relations, et cette id\u00e9e traverse tout ce que je fais.\u00a0<\/p>\n<p><strong>Comment travaillez-vous sur vos grandes installations, est-ce un effort continu ou fait d\u2019allers-retours ?\u00a0<\/strong><\/p>\n<p>C\u2019est un peu les deux. Dans l&rsquo;exposition, Duomo sera la plus grande installation. C\u2019est une \u0153uvre de 7,3 m\u00e8tres de haut, que j\u2019ai imagin\u00e9e il y a plusieurs mois, un peu comme une micro-architecture. Au d\u00e9but, il y a des allers-retours pour concevoir l\u2019\u0153uvre, v\u00e9rifier la structure, les connexions et m\u00eame le transport des \u00e9l\u00e9ments. Une fois cette phase faite, le travail devient continu et tr\u00e8s manuel : chaque geste influe sur le suivant, la main court entre la pens\u00e9e et l\u2019action. C\u2019est cette immersion dans le geste, proche de la sculpture ou de la peinture, que j\u2019aime le plus.\u00a0<\/p>\n","protected":false},"excerpt":{"rendered":"Vous avez compos\u00e9 des tableaux brod\u00e9s. Comment la broderie intervient dans vos installations ?\u00a0 La broderie m\u2019a permis&hellip;\n","protected":false},"author":2,"featured_media":614403,"comment_status":"","ping_status":"","sticky":false,"template":"","format":"standard","meta":{"footnotes":""},"categories":[1358],"tags":[1348,1384,1385,1386,58,59,1011,27],"class_list":{"0":"post-614402","1":"post","2":"type-post","3":"status-publish","4":"format-standard","5":"has-post-thumbnail","7":"category-arts-et-design","8":"tag-arts","9":"tag-arts-and-design","10":"tag-arts-et-design","11":"tag-design","12":"tag-divertissement","13":"tag-entertainment","14":"tag-fr","15":"tag-france"},"share_on_mastodon":{"url":"https:\/\/pubeurope.com\/@fr\/115759267392038467","error":""},"_links":{"self":[{"href":"https:\/\/www.europesays.com\/fr\/wp-json\/wp\/v2\/posts\/614402","targetHints":{"allow":["GET"]}}],"collection":[{"href":"https:\/\/www.europesays.com\/fr\/wp-json\/wp\/v2\/posts"}],"about":[{"href":"https:\/\/www.europesays.com\/fr\/wp-json\/wp\/v2\/types\/post"}],"author":[{"embeddable":true,"href":"https:\/\/www.europesays.com\/fr\/wp-json\/wp\/v2\/users\/2"}],"replies":[{"embeddable":true,"href":"https:\/\/www.europesays.com\/fr\/wp-json\/wp\/v2\/comments?post=614402"}],"version-history":[{"count":0,"href":"https:\/\/www.europesays.com\/fr\/wp-json\/wp\/v2\/posts\/614402\/revisions"}],"wp:featuredmedia":[{"embeddable":true,"href":"https:\/\/www.europesays.com\/fr\/wp-json\/wp\/v2\/media\/614403"}],"wp:attachment":[{"href":"https:\/\/www.europesays.com\/fr\/wp-json\/wp\/v2\/media?parent=614402"}],"wp:term":[{"taxonomy":"category","embeddable":true,"href":"https:\/\/www.europesays.com\/fr\/wp-json\/wp\/v2\/categories?post=614402"},{"taxonomy":"post_tag","embeddable":true,"href":"https:\/\/www.europesays.com\/fr\/wp-json\/wp\/v2\/tags?post=614402"}],"curies":[{"name":"wp","href":"https:\/\/api.w.org\/{rel}","templated":true}]}}