{"id":614419,"date":"2025-12-21T19:52:13","date_gmt":"2025-12-21T19:52:13","guid":{"rendered":"https:\/\/www.europesays.com\/fr\/614419\/"},"modified":"2025-12-21T19:52:13","modified_gmt":"2025-12-21T19:52:13","slug":"les-lions-de-latlas-dominent-mais-ont-rate-un-penalty-suivez-le-match-douverture-de-la-can-2025","status":"publish","type":"post","link":"https:\/\/www.europesays.com\/fr\/614419\/","title":{"rendered":"les Lions de l\u2019Atlas dominent mais ont rat\u00e9 un p\u00e9nalty&#8230; Suivez le match d&rsquo;ouverture de la CAN 2025"},"content":{"rendered":"\n<p class=\"c-chapo \">\n  Pays h\u00f4te, le Maroc d\u00e9bute sa comp\u00e9tition face aux Comores, qui avaient atteint les huiti\u00e8mes de finale pour leur premi\u00e8re participation en 2021.\n<\/p>\n<p>      lire plus tard<\/p>\n<p id=\"dialog__title\" class=\"dialog__title\">Pour sauvegarder cet article, connectez-vous ou cr\u00e9ez un compte franceinfo<\/p>\n<p class=\"dialog__description\">Sans paiement. Sans abonnement.<\/p>\n<p>        Fermer la fen\u00eatre d\u2019activation des notifications France Info<\/p>\n<p>      cr\u00e9er votre compte<\/p>\n<p>      se connecter<\/p>\n<p>      :<\/p>\n<p>        Fermer la fen\u00eatre de pr\u00e9sentation<\/p>\n<p>    <img loading=\"lazy\" decoding=\"async\" class=\"signature__image lazyload\" width=\"100\" height=\"100\" data- alt=\"\" src=\"https:\/\/www.europesays.com\/fr\/wp-content\/uploads\/2025\/05\/logosport1-65fdc209c3726464026706.png\"\/><\/p>\n<p>          France T\u00e9l\u00e9visions &#8211; R\u00e9daction Sport<\/p>\n<p>    Publi\u00e9 le 21\/12\/2025 19:12<\/p>\n<p>      Mis \u00e0 jour le 21\/12\/2025 20:36<\/p>\n<p>        Temps de lecture : 1min<\/p>\n<p>    <img decoding=\"async\"  alt=\"Le milieu marocain Neil El Aynaoui (\u00e0 gauche) au duel avec son homologue des Comores Iyad Mohamed \u00e0 l'occasion du match d'ouverture de la CAN, le 21 d\u00e9cembre 2025. (SEBASTIEN BOZON \/ AFP)\" width=\"432\" height=\"243\" src=\"https:\/\/www.europesays.com\/fr\/wp-content\/uploads\/2025\/12\/maroc-comores-01-694847889154c141926694.png\" fetchpriority=\"high\"\/><\/p>\n<p>      Le milieu marocain Neil El Aynaoui (\u00e0 gauche) au duel avec son homologue des Comores Iyad Mohamed \u00e0 l&rsquo;occasion du match d&rsquo;ouverture de la CAN, le 21 d\u00e9cembre 2025. (SEBASTIEN BOZON \/ AFP)<\/p>\n<p>C&rsquo;est le grand d\u00e9part de la Coupe d&rsquo;Afrique des nations (CAN) 2025. Le Maroc, pays h\u00f4te pour la deuxi\u00e8me fois apr\u00e8s 1988, accueille les Comores, dimanche 21 d\u00e9cembre au stade du Prince Moulay Abdellah de Rabat (20 heures). Les Lions de l&rsquo;Atlas viennent de remporter, jeudi, la Coupe arabe face \u00e0 la Jordanie (3-2), mais leur star <a href=\"https:\/\/www.franceinfo.fr\/sports\/foot\/psg\/psg-achraf-hakimi-indisponible-plusieurs-semaines-nuno-mendes-et-ousmane-dembele-egalement-blesses_7597190.html\" target=\"_blank\" rel=\"noopener\">Achraf Hakimi, qui revient de blessure<\/a>, d\u00e9butera sur le banc pour ce match d&rsquo;ouverture.<\/p>\n<p>M\u00eame sans le lat\u00e9ral parisien, ils restent les grands favoris de ce match, et <a href=\"https:\/\/www.franceinfo.fr\/sports\/foot\/can\/le-maroc-favori-et-pays-hote-mohamed-salah-et-sadio-mane-presents-le-ghana-absent-ce-qu-il-faut-savoir-sur-la-can-2025_7681003.html\" target=\"_blank\" rel=\"noopener\">m\u00eame de la comp\u00e9tition en tant que premi\u00e8re nation africaine au classement Fifa (11e)<\/a>. Les joueurs de Walid Regragui, demi-finalistes de la derni\u00e8re Coupe du monde, joueront ensuite leurs deux autres matchs du groupe A face au Mali le 26 d\u00e9cembre puis face \u00e0 la Zambie, le 29 d\u00e9cembre.<\/p>\n<p><strong>Suivez le match en direct<\/strong><\/p>\n","protected":false},"excerpt":{"rendered":"Pays h\u00f4te, le Maroc d\u00e9bute sa comp\u00e9tition face aux Comores, qui avaient atteint les huiti\u00e8mes de finale pour&hellip;\n","protected":false},"author":2,"featured_media":614420,"comment_status":"","ping_status":"","sticky":false,"template":"","format":"standard","meta":{"footnotes":""},"categories":[5],"tags":[11,1011,27,14,12,28],"class_list":{"0":"post-614419","1":"post","2":"type-post","3":"status-publish","4":"format-standard","5":"has-post-thumbnail","7":"category-international","8":"tag-actualites","9":"tag-fr","10":"tag-france","11":"tag-international","12":"tag-news","13":"tag-world"},"share_on_mastodon":{"url":"https:\/\/pubeurope.com\/@fr\/115759307662564030","error":""},"_links":{"self":[{"href":"https:\/\/www.europesays.com\/fr\/wp-json\/wp\/v2\/posts\/614419","targetHints":{"allow":["GET"]}}],"collection":[{"href":"https:\/\/www.europesays.com\/fr\/wp-json\/wp\/v2\/posts"}],"about":[{"href":"https:\/\/www.europesays.com\/fr\/wp-json\/wp\/v2\/types\/post"}],"author":[{"embeddable":true,"href":"https:\/\/www.europesays.com\/fr\/wp-json\/wp\/v2\/users\/2"}],"replies":[{"embeddable":true,"href":"https:\/\/www.europesays.com\/fr\/wp-json\/wp\/v2\/comments?post=614419"}],"version-history":[{"count":0,"href":"https:\/\/www.europesays.com\/fr\/wp-json\/wp\/v2\/posts\/614419\/revisions"}],"wp:featuredmedia":[{"embeddable":true,"href":"https:\/\/www.europesays.com\/fr\/wp-json\/wp\/v2\/media\/614420"}],"wp:attachment":[{"href":"https:\/\/www.europesays.com\/fr\/wp-json\/wp\/v2\/media?parent=614419"}],"wp:term":[{"taxonomy":"category","embeddable":true,"href":"https:\/\/www.europesays.com\/fr\/wp-json\/wp\/v2\/categories?post=614419"},{"taxonomy":"post_tag","embeddable":true,"href":"https:\/\/www.europesays.com\/fr\/wp-json\/wp\/v2\/tags?post=614419"}],"curies":[{"name":"wp","href":"https:\/\/api.w.org\/{rel}","templated":true}]}}