{"id":61442,"date":"2025-04-29T09:28:19","date_gmt":"2025-04-29T09:28:19","guid":{"rendered":"https:\/\/www.europesays.com\/fr\/61442\/"},"modified":"2025-04-29T09:28:19","modified_gmt":"2025-04-29T09:28:19","slug":"un-immeuble-qui-me-tombe-sur-la-tete","status":"publish","type":"post","link":"https:\/\/www.europesays.com\/fr\/61442\/","title":{"rendered":"\u201cUn immeuble qui me tombe sur la t\u00eate\u201d"},"content":{"rendered":"<p>Actuellement en tourn\u00e9e avec son concert baptis\u00e9 \u00ab\u00a0Revolver \u00ab\u00a0, le chanteur et acteur encha\u00eene les prises de paroles. Il s&rsquo;est r\u00e9cemment confi\u00e9 \u00e0 nos confr\u00e8res du Parisien sur sa belle histoire d&rsquo;amour avec Adriana Karembeu sur laquelle il ne tarit pas d&rsquo;\u00e9loges. L&rsquo;ex-mari de Sarah Lavoine est m\u00eame all\u00e9 jusqu&rsquo;\u00e0 assurer qu&rsquo;il n&rsquo;avait jamais connu pareil amour. \u00ab\u00a0C\u2019est un miracle. Le bonheur existe, et pourtant j\u2019\u00e9tais pr\u00eat \u00e0 me barrer, \u00e0 partir. Je ne voulais plus chanter, je ne voulais plus rien faire. C\u2019\u00e9tait devenu insupportable, irrespirable de vivre \u00e0 Paris. Et puis un jour, vous voyez quelque chose, quelqu\u2019un qui vous parle, et vous la croyez. \u00c0 ce moment-l\u00e0, tout ce dont vous avez r\u00eav\u00e9 appara\u00eet. J\u2019ai cherch\u00e9 \u00e7a toute ma vie\u00a0\u00bb , a-t-il avou\u00e9. A lire \u00e9galement : \u201cJ\u2019ai cherch\u00e9 \u00e7a toute ma vie\u201d : Marc Lavoine fou amoureux d\u2019Adriana Karembeu, il fait de touchantes confidences Marc Lavoine et son bonheur enfin trouv\u00e9 Et de poursuivre avec une question rh\u00e9torique : \u00ab\u00a0Qu\u2019est-ce qu\u2019il y aurait de mieux, entre vivre et mourir, que d\u2019aimer ?\u00a0\u00bb . Son bonheur, \u00ab\u00a0C\u2019est maintenant\u00a0\u00bb : \u00ab\u00a0J\u2019ai connu des petits bonheurs, mais le bonheur, c\u2019est autre chose, c\u2019est un parfum, entrer dans une pi\u00e8ce et vous comprenez tout, vous comprenez pourquoi vous \u00eates vivant\u00a0\u00bb. Invit\u00e9 dans Un dimanche \u00e0 la campagne le 27 avril dernier, le chanteur est revenu sur un \u00e9pisode de sa vie beaucoup moins joyeux, voire dramatique\u2026 En effet, Marc Lavoine s&rsquo;est souvenu de cette fois o\u00f9 il a d\u00e9couvert sur son p\u00e8re trompait sa m\u00e8re. Le chanteur raconte comment il a d\u00e9couvert que son p\u00e8re \u00e9tait infid\u00e8le \u00e0 sa m\u00e8re \u00ab\u00a0A l\u2019enterrement de mon grand-p\u00e8re \u2013 je devais avoir 12 ans, ou 10 ans \u2013, je voulais jouer au foot, parce que je m&#8217;emb\u00eatais et il y avait des adultes partout\u00a0\u00bb , a-t-il commenc\u00e9 par raconter. Puis de reprendre : \u00ab\u00a0Alors je descends l\u2019escalier, et j\u2019ai en face de moi une sorte de petit d\u00e9barras o\u00f9 on pendait les manteaux, et mon ballon \u00e9tait l\u00e0-dedans, donc j\u2019ouvre le truc, je vais pour saisir mon manteau, et je vois les pieds d\u2019un homme contre une femme\u2026 Et les pieds d\u2019une femme sur la pointe des pieds, devant moi\u2026\u00a0\u00bb. Et l\u00e0, c&rsquo;est le drame\u2026 \u00ab\u00a0Je l\u00e8ve les yeux, et je vois mon p\u00e8re en train de faire l\u2019amour \u00e0 une fille, qui \u00e9tait une fille du parti communiste, une camarade, dont le mari \u00e9tait au-dessus en train de parler avec ma m\u00e8re\u00a0\u00bb , a-t-il continu\u00e9 de raconter. Il se souvient avoir ramass\u00e9 son ballon puis d&rsquo;avoir regard\u00e9 son p\u00e8re qui s&rsquo;est content\u00e9 de lui lancer en guise de justification et avant de fermer la porte : \u00ab\u00a0Oh ! Marco ! Je suis malheureux\u00a0\u00bb . Sous le choc de la sc\u00e8ne \u00e0 laquelle il venait d&rsquo;assister le gar\u00e7onnet de l&rsquo;\u00e9poque est all\u00e9 taper son ballon contre le mur dans la rue et s&rsquo;est rappel\u00e9 s&rsquo;\u00eatre dit : \u00ab\u00a0Mon p\u00e8re est en bas, je ne dois pas le dire \u00e0 ma m\u00e8re\u00a0\u00bb . Un \u00e9pisode marquant pour lui et qui lui a donn\u00e9 l&rsquo;impression d&rsquo; \u00ab\u00a0un immeuble qui me tombe sur la t\u00eate\u00a0\u00bb\u2026<\/p>\n","protected":false},"excerpt":{"rendered":"Actuellement en tourn\u00e9e avec son concert baptis\u00e9 \u00ab\u00a0Revolver \u00ab\u00a0, le chanteur et acteur encha\u00eene les prises de paroles.&hellip;\n","protected":false},"author":2,"featured_media":61443,"comment_status":"","ping_status":"","sticky":false,"template":"","format":"standard","meta":{"footnotes":""},"categories":[1355],"tags":[6382,58,59,1011,27,7593,1361,873,15915],"class_list":{"0":"post-61442","1":"post","2":"type-post","3":"status-publish","4":"format-standard","5":"has-post-thumbnail","7":"category-musique","8":"tag-adriana-karembeu","9":"tag-divertissement","10":"tag-entertainment","11":"tag-fr","12":"tag-france","13":"tag-marc-lavoine","14":"tag-music","15":"tag-musique","16":"tag-sarah-lavoine"},"share_on_mastodon":{"url":"https:\/\/pubeurope.com\/@fr\/114420548181869103","error":""},"_links":{"self":[{"href":"https:\/\/www.europesays.com\/fr\/wp-json\/wp\/v2\/posts\/61442","targetHints":{"allow":["GET"]}}],"collection":[{"href":"https:\/\/www.europesays.com\/fr\/wp-json\/wp\/v2\/posts"}],"about":[{"href":"https:\/\/www.europesays.com\/fr\/wp-json\/wp\/v2\/types\/post"}],"author":[{"embeddable":true,"href":"https:\/\/www.europesays.com\/fr\/wp-json\/wp\/v2\/users\/2"}],"replies":[{"embeddable":true,"href":"https:\/\/www.europesays.com\/fr\/wp-json\/wp\/v2\/comments?post=61442"}],"version-history":[{"count":0,"href":"https:\/\/www.europesays.com\/fr\/wp-json\/wp\/v2\/posts\/61442\/revisions"}],"wp:featuredmedia":[{"embeddable":true,"href":"https:\/\/www.europesays.com\/fr\/wp-json\/wp\/v2\/media\/61443"}],"wp:attachment":[{"href":"https:\/\/www.europesays.com\/fr\/wp-json\/wp\/v2\/media?parent=61442"}],"wp:term":[{"taxonomy":"category","embeddable":true,"href":"https:\/\/www.europesays.com\/fr\/wp-json\/wp\/v2\/categories?post=61442"},{"taxonomy":"post_tag","embeddable":true,"href":"https:\/\/www.europesays.com\/fr\/wp-json\/wp\/v2\/tags?post=61442"}],"curies":[{"name":"wp","href":"https:\/\/api.w.org\/{rel}","templated":true}]}}